{"id":31678,"date":"2019-09-18T17:43:45","date_gmt":"2019-09-18T17:43:45","guid":{"rendered":"https:\/\/caseyfamilyv2.wpengine.com\/childrens_village\/"},"modified":"2026-04-29T15:41:01","modified_gmt":"2026-04-29T15:41:01","slug":"aldea_infantil","status":"publish","type":"post","link":"https:\/\/www.casey.org\/es\/childrens_village\/","title":{"rendered":"\u00bfC\u00f3mo refleja Children\u2019s Village los componentes de un Programa de Tratamiento Residencial Calificado?"},"content":{"rendered":"<div class=\"content-section light fresh-text single wp-block-fresh-text backgrounds-and-margins-aware-block margin-top margin-bottom\">\n <div class=\"container mx-auto px-5\">\n\n \n \n <!-- The CTA is moved up next to the title when in the Head Section style -->\n \n  <div class=\"callout\"><h3>Summary<\/h3>\n<p><em>Children\u2019s Village pivoted to family-centered care to ensure every child feels they belong.<\/em><\/p>\n<\/div>\n \n \n <!-- conversly to above, we need to not show the CTA here if it's the Head Section style -->\n  <\/div>\n<\/div>\n\n\n<div class=\"qff_disclaimer align wp-block-disclaimer content-section\">\n <div class=\"container mx-auto px-0 md:px-5\">\n <div class=\"qff_disclaimer__wrapper text-salt-box text-xs font-sofiapro border-t-2 border-spring-wood\">\n \n <\/div>\n <\/div>\n<\/div>\n\n\n<div class=\"content-section light fresh-text single wp-block-fresh-text backgrounds-and-margins-aware-block margin-top margin-bottom\">\n <div class=\"container mx-auto px-5\">\n\n \n \n <!-- The CTA is moved up next to the title when in the Head Section style -->\n \n  <div class=\"callout\"><p><!-- wp:paragraph {\"className\":\"p1\"} --><\/p>\n<p class=\"p1\"><span class=\"s1\">Every Tuesday and Thursday morning at 8:25 sharp, Dr. Jeremy Kohomban, CEO of Children\u2019s Village, joins members of his staff and leadership team at the entrance to the secondary school located on the residential treatment center\u2019s campus. Young men, referred to the center by the child welfare, juvenile justice, and adult corrections systems, make their way over to the school from the cottages down the road where they stay. Dr. Kohomban and his team greet every resident with a smile, a handshake, and some variation of \u201cGood morning! How are you feeling today?\u201d The gesture may be simple, but the meaning and significance behind it conveys more than any handbook or mission statement ever could. It communicates to the young men that they are neither statistics nor problems to be solved. To the contrary, they are smart, talented, and full of potential. The morning greeting also serves as a reminder that adults care about them, believe in them, and want to support them on their journey to adulthood. <\/span><\/p>\n<p><!-- \/wp:paragraph --> <!-- wp:paragraph {\"className\":\"p1\"} --><\/p>\n<p class=\"p1\"><span class=\"s1\">Leadership interacts with each of the 279 youth that reside at the Children\u2019s Village campus as much as possible, Dr. Kohomban says. \u201cI meet with them regularly because it reminds me every day about why this work is meaningful. The day I don\u2019t is the day I forget, and that\u2019s when everything goes wrong.\u201d<\/span><\/p>\n<p><!-- \/wp:paragraph --> <!-- wp:paragraph {\"className\":\"p1\"} --><\/p>\n<p class=\"p1\"><span class=\"s1\">It was not always this way at Children\u2019s Village, which operates its campus just outside New York City. The history of Children\u2019s Village, and that of orphanages and residential programs in general, is rooted in the separation of families that disproportionately were of color and poor \u2014 and therefore powerless. Fifteen years ago, Children\u2019s Village recognized that it had to <\/span><a href=\"https:\/\/www.casey.org\/congregate-care\/\"><span class=\"s2\">change its business model<\/span><\/a><span class=\"s1\"> from one characterized by family and community separation to one focused on treatment. The team proceeded with its reform under a firm belief that <\/span><a href=\"https:\/\/childrensvillage.org\/wp-content\/uploads\/2017\/09\/No-Place-To-Grow-Up-Testimony.pdf\" target=\"_blank\" rel=\"noopener noreferrer\"><span class=\"s2\">every child deserved a sense of unconditional belonging with a family<\/span><\/a><span class=\"s1\">. It strove to build a quality therapeutic environment that was short-term, reflected evidence-based interventions, and utilized behavior management so that youth could heal and thrive. <b>Most importantly, Children\u2019s Village was committed to including families throughout this process.<\/b> Leadership knew shifting the practice model and culture was going to be difficult, but also understood it was the only option because that was what children and families deserved.<\/span><\/p>\n<\/div>\n \n \n <!-- conversly to above, we need to not show the CTA here if it's the Head Section style -->\n  <\/div>\n<\/div>\n\n\n<figure class=\"quote content-section light wp-block-quote backgrounds-and-margins-aware-block margin-top margin-bottom padding-top padding-bottom\">\n <div class=\"container mx-auto px-5\">\n  <div class=\"basic-quote text-revolver\">\n <blockquote class=\"relative z-0\"><p>Residential programs, while at times necessary, are not an effective long-term solution for children and families. They should be used sparingly, similar to \u2026 the emergency room, where patients receive short-term intensive interventions followed up with aftercare. They should be reserved only for those youth whose needs for care and treatment cannot be met safely and effectively in a family setting, and for short durations. Residential programs should be for treatment, not placement, and should reflect care and community, not custody and control.<\/p>\n<\/blockquote>\n  <figcaption class=\"text-md text-right mt-9 font-sofiapro\"><cite>&mdash; Dr. Jeremy Kohomban, CEO, Children\u2019s Village<\/cite><\/figcaption>\n  <\/div>\n\n  <\/div>\n<\/figure>\n\n\n<div class=\"content-section light fresh-text single wp-block-fresh-text backgrounds-and-margins-aware-block margin-top margin-bottom\">\n <div class=\"container mx-auto px-5\">\n\n \n \n <!-- The CTA is moved up next to the title when in the Head Section style -->\n \n  <div class=\"callout\"><p><!-- wp:paragraph {\"className\":\"p1\"} --><\/p>\n<p class=\"p1\"><span class=\"s1\">Over time, Children\u2019s Village has successfully transformed from an entity focused exclusively on residential care to an organization directed toward community- and home-based services, with residential care used only as a short-term, targeted intervention. The agency has gone as far as to advocate for the federal government to require state child welfare systems to move away from residential care in favor of children living safely at home with their families. <\/span><\/p>\n<p><!-- \/wp:paragraph --> <!-- wp:paragraph {\"className\":\"p1\"} --><\/p>\n<p class=\"p1\"><span class=\"s1\">With the 2018 passage of the federal <a href=\"https:\/\/familyfirstact.org\/\" target=\"_blank\" rel=\"noopener noreferrer\">Family First Prevention Services Act<\/a>, the use of federal funding for congregate care will now be restricted to two weeks unless it serves specifically identified populations, such as pregnant and parenting youth or victims of sex trafficking, or it meets the requirements of a Qualified Residential Treatment Program (QRTP), which requires a trauma-informed treatment model, family engagement, an onsite licensed nurse, and national accreditation. <\/span><\/p>\n<p><!-- \/wp:paragraph --> <!-- wp:paragraph {\"className\":\"p1\"} --><\/p>\n<p class=\"p1\"><span class=\"s1\">Transforming its business model to reflect the essential elements of a QRTP has not been easy, but Children\u2019s Village has proved that it is possible. Here is the story of that journey.<a href=\"#footnotes\"><sup>1<\/sup><\/a><\/span><\/p>\n<\/div>\n \n \n <!-- conversly to above, we need to not show the CTA here if it's the Head Section style -->\n  <\/div>\n<\/div>\n\n\n<div class=\"content-section light fresh-text single wp-block-fresh-text backgrounds-and-margins-aware-block back-warm-ceramic margin-top margin-bottom padding-top padding-bottom\">\n <div class=\"container mx-auto px-5\">\n\n \n   <h2>How Children\u2019s Village meets the new QRTP Requirements<\/h2>\n  \n <!-- The CTA is moved up next to the title when in the Head Section style -->\n \n  <div class=\"callout\"><p class=\"p1\"><strong>Treatment model<br \/>\n<\/strong>Children\u2019s Village adopted and implemented the Integrated Treatment Model, which includes Dialectical Behavioral Therapy and Multisystemic Therapy-Family Integrated Transitions (MST-FIT) as evidence-based and trauma-informed behavioral interventions.<\/p>\n<p class=\"p1\"><strong>Assessment by a \u201cqualified individual\u201d within 30 days of the start of each placement<br \/>\n<\/strong>Children\u2019s Village completes regular assessments within its current clinical structure, but is awaiting definitions from the State of New York to ensure compliance.<\/p>\n<p class=\"p1\"><strong>Family engagement<br \/>\n<\/strong>Families are engaged while children receive treatment and during family team meetings. Staff work with families two months prior to discharge to prepare for their transition home. Staff use formal Family Finding techniques for children who do not have existing connections to extended family.<\/p>\n<p class=\"p1\"><strong>Exit planning and aftercare supports<br \/>\n<\/strong>In addition to engaging with families two months before exit Children\u2019s Village works with them for up to six months post-exit in a MST-FIT aftercare program. Parents are trained in behavioral interventions to support ongoing permanency.<\/p>\n<p class=\"p1\"><strong>Registered nurse onsite at all hours<br \/>\n<\/strong>Children\u2019s Village has an around-the-clock medical facility. Staff include registered nurses, a nurse practitioner, and a medical director. Services currently are funded through Medicaid.<\/p>\n<p class=\"p1\"><strong>60-day court approval<br \/>\n<\/strong>Children\u2019s Village currently works with the courts on placement and placement-extension actions, and is awaiting further clarification on definitions from the State of New York.<\/p>\n<p class=\"p1\"><strong>National accreditation<br \/>\n<\/strong>Children\u2019s Village has been accredited by the\u00a0<a href=\"https:\/\/coanet.org\/\" rel=\"noopener noreferrer\"><span class=\"s1\">Council on Accreditation<\/span><\/a>\u00a0since 2004.<\/p>\n<\/div>\n \n \n <!-- conversly to above, we need to not show the CTA here if it's the Head Section style -->\n  <\/div>\n<\/div>\n\n\n<div class=\"content-section light fresh-text single wp-block-fresh-text backgrounds-and-margins-aware-block margin-top margin-bottom\">\n <div class=\"container mx-auto px-5\">\n\n \n   <h2>Evidence-based treatment model<\/h2>\n  \n <!-- The CTA is moved up next to the title when in the Head Section style -->\n \n  <div class=\"callout\"><p><!-- wp:paragraph {\"className\":\"p1\"} --><\/p>\n<p class=\"p1\"><span class=\"s1\">Fifteen years ago, Children\u2019s Village used the term \u201ceclectic\u201d to describe its ill-defined treatment model. The model haphazardly incorporated a number of unrelated services, varying in levels of evidence. The leadership team\u2019s first priority was to develop a comprehensive treatment model that was evidence-informed, targeted and brief, measurable in terms of outcomes, and customized to the child\u2019s needs. And, whenever possible, the treatment practice would engage and involve the child\u2019s family. <\/span><\/p>\n<p><!-- \/wp:paragraph --><\/p>\n<p><!-- wp:paragraph {\"className\":\"p1\"} --><\/p>\n<p class=\"p1\"><span class=\"s1\">Members of the agency\u2019s clinical leadership group each researched different evidence-informed models across the country. The team ended up winnowing the options down to the <\/span><a href=\"https:\/\/www.cebc4cw.org\/program\/sanctuary-model\/\" target=\"_blank\" rel=\"noopener noreferrer\"><span class=\"s2\">Sanctuary Model<\/span><\/a><span class=\"s1\"> and <\/span><a href=\"https:\/\/web.archive.org\/web\/20190718083740\/https:\/\/www.pbis.org\/community\/juvenile-justice\" target=\"_blank\" rel=\"noopener noreferrer\"><span class=\"s2\">Positive Behavioral Interventions and Supports<\/span><\/a><span class=\"s1\"> (PBIS) before selecting PBIS as the foundational program model, with its treatment model as <b>Integrated Treatment Model (ITM)<\/b>.\u00a0<\/span><\/p>\n<p><!-- \/wp:paragraph --><\/p>\n<p><!-- wp:paragraph {\"className\":\"p1\"} --><\/p>\n<p class=\"p1\"><span class=\"s1\">ITM is an evidence-informed approach developed originally in <\/span><a href=\"https:\/\/web.archive.org\/web\/20190122175706\/https:\/\/www.dshs.wa.gov\/ra\/juvenile-rehabilitation\/treatment-programs\" target=\"_blank\" rel=\"noopener noreferrer\"><span class=\"s2\">Washington state<\/span><\/a><span class=\"s1\"> to serve youth in the juvenile justice system. It integrates two models, <\/span><span class=\"s2\"><a href=\"https:\/\/depts.washington.edu\/uwbrtc\/about-us\/dialectical-behavior-therapy\/\" target=\"_blank\" rel=\"noopener noreferrer\">Dialectical Behavioral Therapy (DBT<\/a>) and <a href=\"https:\/\/www.mstservices.com\/family-integrated-transitions\" target=\"_blank\" rel=\"noopener noreferrer\">Multisystemic Therapy-Family Integrated Transitions (MST-FIT)<\/a><\/span><span class=\"s1\">. DBT was developed specifically for youth with extensive histories of trauma and behavioral issues to help them with problem-solving, interpersonal relationships, and emotional skills. All Children\u2019s Village staff are trained in DBT skills, and youth become proficient in talking about issues and working out problems using DBT. Staff also train parents how to use DBT strategies so that all family members are in unison when working out issues. When youth are ready to return home or move into a more family-like setting, Children\u2019s Village provides four to six months of intensive support using MST-FIT. Highly trained MST-FIT therapists work side-by-side with parents or other caregivers in the home, helping them develop the skills and strategies needed to support their teenager during the transition.<a href=\"#footnotes\"><sup>2<\/sup><\/a><\/span><\/p>\n<p><!-- \/wp:paragraph --><\/p>\n<p><!-- wp:paragraph {\"className\":\"p1\"} --><\/p>\n<p class=\"p1\"><span class=\"s1\">ITM was adopted and adapted to meet the specific needs of the center\u2019s youth population, and was rolled out between 2013 and 2018. Through initial financial support from New York City and a private foundation, Children\u2019s Village has been able to expand ITM by hiring a director, trainers, and consultants. While Children\u2019s Village started ITM in a few residential cottages, ITM now has been fully implemented and the agency is working on creating a manual for its adapted model.<\/span><\/p>\n<\/div>\n \n \n <!-- conversly to above, we need to not show the CTA here if it's the Head Section style -->\n  <\/div>\n<\/div>\n\n\n<div class=\"content-section light fresh-text single wp-block-fresh-text backgrounds-and-margins-aware-block margin-top margin-bottom\">\n <div class=\"container mx-auto px-5\">\n\n \n   <h2>Clear philosophy<\/h2>\n  \n <!-- The CTA is moved up next to the title when in the Head Section style -->\n \n  <div class=\"callout\"><p><!-- wp:paragraph {\"className\":\"p1\"} --><\/p>\n<p class=\"p1\"><span class=\"s1\">Another critical component of becoming a Qualified Residential Treatment Center is to adopt and articulate a <b>clear philosophy about residential programming<\/b>. The philosophy that Children\u2019s Village adopted reflects its belief that residential care should be temporary and only for children in acute crisis. The philosophy emphasizes the facilitation of healing through evidence-based interventions and the involvement of family. Children\u2019s Village leadership made sure that staff at all levels clearly understood its philosophy, also communicating the philosophy to the youth and sharing it internally and externally whenever possible. <\/span><\/p>\n<p><!-- \/wp:paragraph --> <!-- wp:paragraph {\"className\":\"p1\"} --><\/p>\n<p class=\"p1\"><span class=\"s1\">Along with having a clear philosophy, a culture of <b>persistence<\/b> is necessary to accomplish the goal of short-term treatment followed by placement of children back with their families or in other family-like settings. It is easy to believe all children deserve families where they feel a sense of unconditional belonging; however, making it happen requires <b>dedication and a sense of responsibility<\/b> for all youth at Children\u2019s Village, Dr. Kohomban says. \u201cThese children deserve our persistence. We must struggle long and hard on their behalf.\u201d Many youth are coming to Children\u2019s Village prior to or after stays in juvenile detention, from the streets, or from a psychiatric hospital. To be effective, staff must have the determination to break this pipeline and help set up youth for successful, productive futures. <\/span><\/p>\n<p><!-- \/wp:paragraph --><\/p>\n<\/div>\n \n \n <!-- conversly to above, we need to not show the CTA here if it's the Head Section style -->\n  <\/div>\n<\/div>\n\n\n<div class=\"content-section light fresh-text single wp-block-fresh-text backgrounds-and-margins-aware-block margin-top margin-bottom\">\n <div class=\"container mx-auto px-5\">\n\n \n   <h2>Strong staff, positive culture<\/h2>\n  \n <!-- The CTA is moved up next to the title when in the Head Section style -->\n \n  <div class=\"callout\"><p><!-- wp:paragraph {\"className\":\"p1\"} --><\/p>\n<p class=\"p1\"><span class=\"s1\">The culture shift begins and ends with <b>frontline staff<\/b>. \u201cEverything good that happens in residential care happens because of the frontline staff,\u201d Dr. Kohomban says. \u201cThey are the game changers.\u201d Frontline staff are with youth the 23 hours of the day that they are not in therapy, and should be seen as equal partners in addressing the clinical needs of youth and helping them move beyond the pains of their past. Everyone is viewed as having a clinical role to play in the ITM model, and direct staff are trained on how to work with youth to facilitate healing and build their coping and relational skills. In addition, staff are encouraged to practice on themselves the evidence-based behavioral interventions they have learned, such as mindfulness, to support changes in their own lives and build confidence across staff and youth that ITM activities are relevant and useful regardless of age or setting.<\/span><\/p>\n<p><!-- \/wp:paragraph --> <!-- wp:paragraph {\"className\":\"p1\"} --><\/p>\n<p class=\"p1\"><span class=\"s1\">Because frontline work in the treatment milieu is difficult, and many staff are dealing with their own life challenges, agency leaders apply a parallel process \u2014 treating staff with the same standard of respect and care that they want the staff to use with youth. For example, state and county subsidized onsite child care is available for staff as well as state and county subsidized housing for staff that is affordable and close to the campus. Even with those perks, turnover among frontline staff is high, which is something the management team at Children\u2019s Village is always working to improve.<\/span><\/p>\n<p><!-- \/wp:paragraph --><\/p>\n<\/div>\n \n \n <!-- conversly to above, we need to not show the CTA here if it's the Head Section style -->\n  <\/div>\n<\/div>\n\n\n<div class=\"content-section light fresh-text single wp-block-fresh-text backgrounds-and-margins-aware-block margin-top margin-bottom\">\n <div class=\"container mx-auto px-5\">\n\n \n   <h2>Youth leadership<\/h2>\n  \n <!-- The CTA is moved up next to the title when in the Head Section style -->\n \n  <div class=\"callout\"><p><!-- wp:paragraph {\"className\":\"p1\"} --><\/p>\n<p class=\"p1\"><span class=\"s1\">The agency is committed to engaging <\/span><a href=\"https:\/\/www.casey.org\/constituency-engagement\/\"><span class=\"s2\">those with lived experiences<\/span><\/a><span class=\"s1\"> to inform its practice and policies and promote accountability. For example, the inclusion of parent advocates has led to candid conversations about race and disparities in the Children\u2019s Village programs. Children\u2019s Village also has become an organizational mentor to <\/span><a href=\"https:\/\/childrensvillage.org\/our-programs\/aftercare-support\/teens\/bravehearts\/\" target=\"_blank\" rel=\"noopener noreferrer\"><span class=\"s2\">Bravehearts<\/span><\/a><span class=\"s1\">, a youth-run program that strives to increase the self-awareness and esteem of young adults who were involved with the child welfare system and help them develop resiliency and leadership skills. Children\u2019s Village helps Bravehearts apply for grants, manage its budget, and hire and train young people.<\/span><\/p>\n<p><!-- \/wp:paragraph --><\/p>\n<\/div>\n \n \n <!-- conversly to above, we need to not show the CTA here if it's the Head Section style -->\n  <\/div>\n<\/div>\n\n\n<div class=\"content-section light fresh-text single wp-block-fresh-text backgrounds-and-margins-aware-block margin-top margin-bottom\">\n <div class=\"container mx-auto px-5\">\n\n \n   <h2>Lifting the veil<\/h2>\n  \n <!-- The CTA is moved up next to the title when in the Head Section style -->\n \n  <div class=\"callout\"><p><!-- wp:paragraph {\"className\":\"p1\"} --><\/p>\n<p class=\"p1\"><span class=\"s1\">Residential treatment programs often have cultures that focus on control and containment, not <b>community building and connection<\/b>. Historically, practice reflected the belief that \u201cbad\u201d children and youth needed to be removed from families and communities, most of which were also considered \u201cbad,\u201d and that residential placement far away from public view was the only option. In addition, residential settings were considered appropriate for young children. For decades at Children\u2019s Village, almost half of the children were younger than 12 and more than 300 children were younger than 6. Many remained there until they transitioned out of the system at 18 years old, without a family to call their own. Despite the best intentions of staff, instead of gaining the skills needed to heal and recover, children in the agency\u2019s residential program became system-dependent, forgetting what it meant to belong to a family or live with others in a community. But now, core values of <b>transparency and inclusion<\/b> are part of the Children\u2019s Village practice model. The agency invites visitors to its campus and solicits feedback from current and former youth residents to inform changes.<\/span><\/p>\n<\/div>\n \n \n <!-- conversly to above, we need to not show the CTA here if it's the Head Section style -->\n  <\/div>\n<\/div>\n\n\n<figure class=\"quote content-section light wp-block-quote backgrounds-and-margins-aware-block margin-top margin-bottom padding-top padding-bottom\">\n <div class=\"container mx-auto px-5\">\n  <div class=\"basic-quote text-revolver\">\n <blockquote class=\"relative z-0\"><p>We need to move from risk-averse to what really works.<\/p>\n<\/blockquote>\n  <figcaption class=\"text-md text-right mt-9 font-sofiapro\"><cite>&mdash; Dr. Jeremy Kohomban, CEO, Children\u2019s Village<\/cite><\/figcaption>\n  <\/div>\n\n  <\/div>\n<\/figure>\n\n\n<div class=\"content-section light fresh-text single wp-block-fresh-text backgrounds-and-margins-aware-block margin-top margin-bottom\">\n <div class=\"container mx-auto px-5\">\n\n \n   <h2>Beauty on campus<\/h2>\n  \n <!-- The CTA is moved up next to the title when in the Head Section style -->\n \n  <div class=\"callout\"><p><!-- wp:paragraph {\"className\":\"p1\"} --><\/p>\n<p class=\"p1\"><span class=\"s1\">Dr. Kohomban believes that the <b>environment in which youth live should be beautiful, welcoming, and engaging<\/b>. \u201cPrograms that serve the poor often look and feel poor, and we need to change that,\u201d he says. When he tried to beautify the grounds of the Children\u2019s Village campus and upgrade the facilities, he experienced initial resistance from staff. For example, when he suggested that they plant a flower garden and add new glass windows to the athletic center, staff immediately assumed that the residents would break the windows and trample all over the flowers. Instead, the youth take good care of the garden and there has been minimal damage to the windows. <\/span><\/p>\n<p><!-- \/wp:paragraph --> <!-- wp:paragraph {\"className\":\"p1\"} --><\/p>\n<p class=\"p1\"><span class=\"s1\">The youth live in renovated Tudor-style cottages, each housing up to 10 residents, mostly in one- to two-person rooms with a common living area. The cottages are designed to foster a sense of community and fellowship between the residents. In addition to the cottages, one of the first steps Dr. Kohomban took as CEO was to secure a multi-million dollar donation to create a modern new community center that features an indoor pool, outdoor basketball courts, and recreation rooms for chess clubs, art, music, and much more.<\/span><\/p>\n<\/div>\n \n \n <!-- conversly to above, we need to not show the CTA here if it's the Head Section style -->\n  <\/div>\n<\/div>\n\n\n<div class=\"content-section light fresh-text single wp-block-fresh-text backgrounds-and-margins-aware-block margin-top margin-bottom\">\n <div class=\"container mx-auto px-5\">\n\n \n   <h2>Comprehensive continuum of services<\/h2>\n  \n <!-- The CTA is moved up next to the title when in the Head Section style -->\n \n  <div class=\"callout\"><p><!-- wp:paragraph {\"className\":\"p1\"} --><\/p>\n<p class=\"p1\"><span class=\"s1\">Over the last 15 years, Children\u2019s Village has embraced change to support a robust array of services that wrap around children and families in the communities where they live, seeking to prevent disruption once youth transition home \u2014 and to prevent removal from the family in the first place. According to Dr. Kohomban, \u201cResidential treatment programs need to go out and work within their community to build their own network of services, beyond the campus-based programming.\u201d Using this approach, the agency has shifted from mostly residential treatment to a comprehensive continuum of services consisting of: prevention; family finding; foster parent recruitment and support; and aftercare support. <\/span><\/p>\n<p><!-- \/wp:paragraph --> <!-- wp:heading {\"level\":3,\"className\":\"p3\"} --><\/p>\n<h3 class=\"wp-block-heading p3\"><b>Prevention<\/b><\/h3>\n<p><!-- \/wp:heading --> <!-- wp:paragraph {\"className\":\"p1\"} --><\/p>\n<p class=\"p1\"><span class=\"s1\">The best alternative to residential care is to keep children safe at home with their families. Children\u2019s Village operates a number of short-term in-home programs designed to wrap supports around families. The most common intervention is Multisystemic Therapy-Family Integrated Transitions (MST-FIT), an evidence-based program that helps families struggling with the behaviors of their children. In addition to therapists who work in the home to provide caregivers the skills they need to be successful, resource workers are assigned to address each family\u2019s concrete needs. Most families receive prevention services for an average of six to nine months. With the passage of the federal <a href=\"https:\/\/familyfirstact.org\/\" target=\"_blank\" rel=\"noopener noreferrer\">Family First Prevention Services Act<\/a>, Children\u2019s Village will be exploring the opportunity of using Title IV-E dollars to fund its prevention services. <b>In 2018, 90 percent of youth receiving MST-FIT services were able to remain in their home.<\/b><\/span><\/p>\n<p><!-- \/wp:paragraph --> <!-- wp:paragraph {\"className\":\"p1\"} --><\/p>\n<p class=\"p1\"><span class=\"s1\">One challenge with prevention services is that families need to have an open case with the child protection agency to be eligible for services. This can lead to the case staying open for longer periods of time and families feeling that they are being monitored by a government agency. When families are primarily in need of concrete services to help them meet their basic needs, this may feel especially punitive.<\/span><\/p>\n<\/div>\n \n \n <!-- conversly to above, we need to not show the CTA here if it's the Head Section style -->\n  <\/div>\n<\/div>\n\n\n<figure class=\"quote content-section light wp-block-quote backgrounds-and-margins-aware-block margin-top margin-bottom padding-top padding-bottom\">\n <div class=\"container mx-auto px-5\">\n  <div class=\"basic-quote text-revolver\">\n <blockquote class=\"relative z-0\"><p>If you help the parents, you help the child \u2014 and build a working family.<\/p>\n<\/blockquote>\n  <figcaption class=\"text-md text-right mt-9 font-sofiapro\"><cite>&mdash; Vincent Madera, Director, Children\u2019s Village<\/cite><\/figcaption>\n  <\/div>\n\n  <\/div>\n<\/figure>\n\n\n<div class=\"content-section light fresh-text single wp-block-fresh-text backgrounds-and-margins-aware-block margin-top margin-bottom\">\n <div class=\"container mx-auto px-5\">\n\n \n \n <!-- The CTA is moved up next to the title when in the Head Section style -->\n \n  <div class=\"callout\"><p><!-- wp:heading {\"level\":3,\"className\":\"p3\"} --><\/p>\n<h3 class=\"wp-block-heading p3\"><b>Family finding<\/b><\/h3>\n<p><!-- \/wp:heading --> <!-- wp:paragraph {\"className\":\"p1\"} --><\/p>\n<p class=\"p1\"><span class=\"s1\">Children\u2019s Village leaders believe that \u201cevery child has family, and it is our moral obligation to find them.\u201d While residential staff may be caring adults, they are no substitutes for adults who will give youth a sense of unconditional belonging and an extended family. The agency\u2019s Family Finding unit is assigned to assist youth who have no identified adult connection in order to help them find a lifelong network of support. Many of these youth have been in the child welfare system for most of their lives and therefore have lost any connections they may once have had with kin. Family Finding staff engage youth in a conversation about what family means to them, then help them identify available and potential family connections. The goal is to identify as many family members and other potential adult connections as possible. Family Finding staff use formal search technologies, <\/span><a href=\"https:\/\/www.casey.org\/family-search-engagement\/\"><span class=\"s2\">family engagement strategies<\/span><\/a><span class=\"s1\">, and other creative methods of locating and working with biological family members, relatives, and other important adults. After identifying these individuals, the team works toward establishing or re-establishing relationships and facilitating permanent placements. By using these strategies and remaining persistent, <b>Children\u2019s Village has been able to find family connections for approximately 90 percent of the youth that it serves<\/b>. <\/span><\/p>\n<p><!-- \/wp:paragraph --> <!-- wp:heading {\"level\":3,\"className\":\"p3\"} --><\/p>\n<h3 class=\"wp-block-heading p3\"><b>Foster parent recruitment and support<\/b><\/h3>\n<p><!-- \/wp:heading --> <!-- wp:paragraph {\"className\":\"p1\"} --><\/p>\n<p class=\"p1\"><span class=\"s1\">Believing that <\/span><a href=\"https:\/\/www.casey.org\/first-placement-family-placement\/\"><span class=\"s2\">every child does best with a family<\/span><\/a><span class=\"s1\">, but knowing that not every child has a birth family network that can be tapped to provide placement, Children\u2019s Village has invested deeply in the recruitment and retention of a strong network of foster parents. Each Children\u2019s Village foster parent receives intensive and specialized training on how to parent unattached teenagers, and are provided with support, tools, and strategies to help them when there is an escalation in behavior. In addition, a clear expectation is communicated to foster parents that they need to be wholly invested in parenting these youth as if they were their own children vs. operating as just temporary caregivers.\u00a0<\/span><\/p>\n<p><!-- \/wp:paragraph --> <!-- wp:paragraph {\"className\":\"p1\"} --><\/p>\n<p class=\"p1\"><span class=\"s1\">All foster and adoptive parents receive the Family and Adoption Support Training (FAST) curriculum, intended to assist caregivers in adapting their parenting approaches to meet the individual needs of the children placed in their homes, and to prevent disruptions through the use of de-escalation strategies. FAST uses a trauma-informed, team-based model, comprised of a behavioral therapist, case planner, and the foster parents, with a goal that the foster parents will eventually be able to assume the role of the behavioral therapist in the home. Foster parents have the support of Children\u2019s Village staff at any time of the day, on any day of the year. An evaluation of the FAST program found that <b>out of more than 70 youth placed in foster care, 91 percent remained in the same home for one year or more, 100 percent remained in the same school, and 54 percent attended college<\/b>.<\/span><\/p>\n<p><!-- \/wp:paragraph --> <!-- wp:heading {\"level\":3,\"className\":\"p3\"} --><\/p>\n<h3 class=\"wp-block-heading p3\"><b>Aftercare support<\/b><\/h3>\n<p><!-- \/wp:heading --> <!-- wp:paragraph {\"className\":\"p1\"} --><\/p>\n<p class=\"p1\"><span class=\"s1\">The transition home is a high-risk period for youth who have moved out of residential care. After an initial honeymoon phase, youth may start resuming old behavior patterns. Children Village\u2019s aftercare program provides support to youth in foster care who exit from residential treatment or therapeutic foster care to reunite with their families. A family reunification specialist trained in MST-FIT and DBT works with families in their homes at least two times per month for about four to six months. The program is flexible, providing individualized treatment to families in many different ways, including family therapy, skills groups, phone coaching, and consultation. Aftercare staff are available around-the-clock to handle crises as they arise. <b>In 2016, 97 percent of youth in Children Village\u2019s aftercare programs remained safe and stable at home for at least one year.<\/b><\/span><\/p>\n<\/div>\n \n \n <!-- conversly to above, we need to not show the CTA here if it's the Head Section style -->\n  <\/div>\n<\/div>\n\n\n<div class=\"qff_disclaimer align wp-block-disclaimer content-section\">\n <div class=\"container mx-auto px-0 md:px-5\">\n <div class=\"qff_disclaimer__wrapper text-salt-box text-xs font-sofiapro border-t-2 border-spring-wood\">\n <p>Casey Family Programs consults with individuals and teams across the country to compile research, experiences, and insights about approaches that can safely reduce the need for foster care and ensure the well-being of children and families. We share this information broadly to help child welfare leaders and their partners tackle similar issues in their own communities. For questions about this resource, or if you have other child welfare information needs, please email <a href=\"mailto:kmresources@casey.org\">kmresources@casey.org<\/a>.<\/p>\n\n <\/div>\n <\/div>\n<\/div>\n\n\n\n<div id=\"footnotes\" class=\"wp-block-group\"><div class=\"wp-block-group__inner-container is-layout-constrained wp-block-group-is-layout-constrained\">\n<div style=\"height:2px\" aria-hidden=\"true\" class=\"wp-block-spacer\"><\/div>\n<\/div><\/div>\n\n\n<div class=\"footnote wp-block-footnote\">\n  <div class=\"container mx-auto px-5 text-3xs text-black-currant\">\n    <p><!-- wp:paragraph {\"className\":\"p1 note\"} --><\/p>\n<p class=\"p1 note\"><span class=\"s1\">1 The content in this brief is based on interviews with Children\u2019s Village staff David Collins, Hewton Fider, Jessica Grimm, Jeremy Kohomban, Vincent Madera, Mona Swanson, and Earl Whitted on April 2, 2019, unless otherwise noted.<br \/>\n<\/span><span class=\"s2\">2 Retrieved from: <\/span><a href=\"https:\/\/childrensvillage.org\/our-programs\/residential-programs\/juvenilejustice\/\" target=\"_blank\" rel=\"noopener noreferrer\"><span class=\"s3\">https:\/\/childrensvillage.org\/our-programs\/residential-programs\/juvenilejustice\/<\/span><\/a><\/p>\n<p><!-- \/wp:paragraph --><\/p>\n\n  <\/div>\n<\/div>\n\n\n<div class=\"content-section light fresh-text single wp-block-fresh-text backgrounds-and-margins-aware-block margin-top margin-bottom\">\n <div class=\"container mx-auto px-5\">\n\n \n \n <!-- The CTA is moved up next to the title when in the Head Section style -->\n \n  <div class=\"callout\"><script>\nvar gform;gform||(document.addEventListener(\"gform_main_scripts_loaded\",function(){gform.scriptsLoaded=!0}),document.addEventListener(\"gform\/theme\/scripts_loaded\",function(){gform.themeScriptsLoaded=!0}),window.addEventListener(\"DOMContentLoaded\",function(){gform.domLoaded=!0}),gform={domLoaded:!1,scriptsLoaded:!1,themeScriptsLoaded:!1,isFormEditor:()=>\"function\"==typeof InitializeEditor,callIfLoaded:function(o){return!(!gform.domLoaded||!gform.scriptsLoaded||!gform.themeScriptsLoaded&&!gform.isFormEditor()||(gform.isFormEditor()&&console.warn(\"The use of gform.initializeOnLoaded() is deprecated in the form editor context and will be removed in Gravity Forms 3.1.\"),o(),0))},initializeOnLoaded:function(o){gform.callIfLoaded(o)||(document.addEventListener(\"gform_main_scripts_loaded\",()=>{gform.scriptsLoaded=!0,gform.callIfLoaded(o)}),document.addEventListener(\"gform\/theme\/scripts_loaded\",()=>{gform.themeScriptsLoaded=!0,gform.callIfLoaded(o)}),window.addEventListener(\"DOMContentLoaded\",()=>{gform.domLoaded=!0,gform.callIfLoaded(o)}))},hooks:{action:{},filter:{}},addAction:function(o,r,e,t){gform.addHook(\"action\",o,r,e,t)},addFilter:function(o,r,e,t){gform.addHook(\"filter\",o,r,e,t)},doAction:function(o){gform.doHook(\"action\",o,arguments)},applyFilters:function(o){return gform.doHook(\"filter\",o,arguments)},removeAction:function(o,r){gform.removeHook(\"action\",o,r)},removeFilter:function(o,r,e){gform.removeHook(\"filter\",o,r,e)},addHook:function(o,r,e,t,n){null==gform.hooks[o][r]&&(gform.hooks[o][r]=[]);var d=gform.hooks[o][r];null==n&&(n=r+\"_\"+d.length),gform.hooks[o][r].push({tag:n,callable:e,priority:t=null==t?10:t})},doHook:function(r,o,e){var t;if(e=Array.prototype.slice.call(e,1),null!=gform.hooks[r][o]&&((o=gform.hooks[r][o]).sort(function(o,r){return o.priority-r.priority}),o.forEach(function(o){\"function\"!=typeof(t=o.callable)&&(t=window[t]),\"action\"==r?t.apply(null,e):e[0]=t.apply(null,e)})),\"filter\"==r)return e[0]},removeHook:function(o,r,t,n){var e;null!=gform.hooks[o][r]&&(e=(e=gform.hooks[o][r]).filter(function(o,r,e){return!!(null!=n&&n!=o.tag||null!=t&&t!=o.priority)}),gform.hooks[o][r]=e)}});\n<\/script>\n\n                <div class='gf_browser_gecko gform_wrapper gform_legacy_markup_wrapper gform-theme--no-framework' data-form-theme='legacy' data-form-index='0' id='gform_wrapper_5' style='display:none'><div id='gf_5' class='gform_anchor' tabindex='-1'><\/div><form method='post' enctype='multipart\/form-data' target='gform_ajax_frame_5' id='gform_5'  action='\/es\/wp-json\/wp\/v2\/posts\/31678#gf_5' data-formid='5' novalidate>\n                        <div class='gform-body gform_body'><ul id='gform_fields_5' class='gform_fields top_label form_sublabel_below description_below validation_below'><li id=\"field_5_11\" class=\"gfield gfield--type-honeypot gform_validation_container field_sublabel_below gfield--has-description field_description_below field_validation_below gfield_visibility_visible\"  ><label class='gfield_label gform-field-label' for='input_5_11'><span class='gform-field-label__text'>LinkedIn<\/span><\/label><div class='ginput_container'><input name='input_11' id='input_5_11' type='text' value='' autocomplete='new-password'\/><\/div><div class='gfield_description' id='gfield_description_5_11'>This field is for validation purposes and should be left unchanged.<\/div><\/li><li id=\"field_5_1\" class=\"gfield gfield--type-radio gfield--type-choice field_sublabel_below gfield--has-description field_description_above hidden_label field_validation_below gfield_visibility_visible gfield--choice-align-vertical\"  ><label class='gfield_label gform-field-label' ><span class='gform-field-label__text'>Was this page useful?<\/span><\/label><div class='gfield_description' id='gfield_description_5_1'><h5>Was this page useful?<\/h5><\/div><div class='ginput_container ginput_container_radio'><ul class='gfield_radio' id='input_5_1'>\n\t\t\t<li class='gchoice gchoice_5_1_0'>\n\t\t\t\t<input name='input_1' type='radio' value='Yes'  id='choice_5_1_0'    \/>\n\t\t\t\t<label for='choice_5_1_0' id='label_5_1_0' class='gform-field-label gform-field-label--type-inline'>Yes<\/label>\n\t\t\t<\/li>\n\t\t\t<li class='gchoice gchoice_5_1_1'>\n\t\t\t\t<input name='input_1' type='radio' value='No'  id='choice_5_1_1'    \/>\n\t\t\t\t<label for='choice_5_1_1' id='label_5_1_1' class='gform-field-label gform-field-label--type-inline'>No<\/label>\n\t\t\t<\/li><\/ul><\/div><\/li><li id=\"field_5_2\" class=\"gfield gfield--type-textarea field_sublabel_below gfield--has-description field_description_above hidden_label field_validation_below gfield_visibility_visible\"  ><label class='gfield_label gform-field-label' for='input_5_2'><span class='gform-field-label__text'>What can we do to improve it?<\/span><\/label><div class='gfield_description' id='gfield_description_5_2'><h5>What can we do to improve it?<\/h5><\/div><div class='ginput_container ginput_container_textarea'><textarea name='input_2' id='input_5_2' class='textarea medium'  aria-describedby=\"gfield_description_5_2\"    aria-invalid=\"false\"   rows='10' cols='50'><\/textarea><\/div><\/li><li id=\"field_5_3\" class=\"gfield gfield--type-textarea field_sublabel_below gfield--has-description field_description_above hidden_label field_validation_below gfield_visibility_visible\"  ><label class='gfield_label gform-field-label' for='input_5_3'><span class='gform-field-label__text'>What did you like about it?<\/span><\/label><div class='gfield_description' id='gfield_description_5_3'><h5>What did you like about it?<\/h5><\/div><div class='ginput_container ginput_container_textarea'><textarea name='input_3' id='input_5_3' class='textarea medium'  aria-describedby=\"gfield_description_5_3\"    aria-invalid=\"false\"   rows='10' cols='50'><\/textarea><\/div><\/li><li id=\"field_5_4\" class=\"gfield gfield--type-radio gfield--type-choice gfield--width-full field_sublabel_below gfield--has-description field_description_above hidden_label field_validation_below gfield_visibility_visible gfield--choice-align-vertical\"  ><label class='gfield_label gform-field-label' ><span class='gform-field-label__text'>Are you willing to tell us your role\/affiliation so we can learn more about our readers?<\/span><\/label><div class='gfield_description' id='gfield_description_5_4'><h5> Are you willing to tell us your role\/affiliation so we can learn more about our readers?<\/h5><\/div><div class='ginput_container ginput_container_radio'><ul class='gfield_radio' id='input_5_4'>\n\t\t\t<li class='gchoice gchoice_5_4_0'>\n\t\t\t\t<input name='input_4' type='radio' value='Yes'  id='choice_5_4_0'    \/>\n\t\t\t\t<label for='choice_5_4_0' id='label_5_4_0' class='gform-field-label gform-field-label--type-inline'>Yes<\/label>\n\t\t\t<\/li>\n\t\t\t<li class='gchoice gchoice_5_4_1'>\n\t\t\t\t<input name='input_4' type='radio' value='No'  id='choice_5_4_1'    \/>\n\t\t\t\t<label for='choice_5_4_1' id='label_5_4_1' class='gform-field-label gform-field-label--type-inline'>No<\/label>\n\t\t\t<\/li><\/ul><\/div><\/li><li id=\"field_5_9\" class=\"gfield gfield--type-radio gfield--type-choice gfield--width-full field_sublabel_below gfield--has-description field_description_above hidden_label field_validation_below gfield_visibility_visible gfield--choice-align-vertical\"  ><label class='gfield_label gform-field-label' ><span class='gform-field-label__text'>Select which best describes your role\/affiliation<\/span><\/label><div class='gfield_description' id='gfield_description_5_9'><h5>Select which best describes your role\/affiliation<\/h5><\/div><div class='ginput_container ginput_container_radio'><ul class='gfield_radio' id='input_5_9'>\n\t\t\t<li class='gchoice gchoice_5_9_0'>\n\t\t\t\t<input name='input_9' type='radio' value='Staff at a child welfare agency or provider organization'  id='choice_5_9_0'    \/>\n\t\t\t\t<label for='choice_5_9_0' id='label_5_9_0' class='gform-field-label gform-field-label--type-inline'>Staff at a child welfare agency or provider organization<\/label>\n\t\t\t<\/li>\n\t\t\t<li class='gchoice gchoice_5_9_1'>\n\t\t\t\t<input name='input_9' type='radio' value='Staff at an Indian Child Welfare agency'  id='choice_5_9_1'    \/>\n\t\t\t\t<label for='choice_5_9_1' id='label_5_9_1' class='gform-field-label gform-field-label--type-inline'>Staff at an Indian Child Welfare agency<\/label>\n\t\t\t<\/li>\n\t\t\t<li class='gchoice gchoice_5_9_2'>\n\t\t\t\t<input name='input_9' type='radio' value='Staff at a community, neighborhood, or other non-profit organization'  id='choice_5_9_2'    \/>\n\t\t\t\t<label for='choice_5_9_2' id='label_5_9_2' class='gform-field-label gform-field-label--type-inline'>Staff at a community, neighborhood, or other non-profit organization<\/label>\n\t\t\t<\/li>\n\t\t\t<li class='gchoice gchoice_5_9_3'>\n\t\t\t\t<input name='input_9' type='radio' value='Staff at a philanthropic or private foundation'  id='choice_5_9_3'    \/>\n\t\t\t\t<label for='choice_5_9_3' id='label_5_9_3' class='gform-field-label gform-field-label--type-inline'>Staff at a philanthropic or private foundation<\/label>\n\t\t\t<\/li>\n\t\t\t<li class='gchoice gchoice_5_9_4'>\n\t\t\t\t<input name='input_9' type='radio' value='Staff in a child welfare &quot;adjacent&quot; field (e.g., education, health care, criminal justice, etc.)'  id='choice_5_9_4'    \/>\n\t\t\t\t<label for='choice_5_9_4' id='label_5_9_4' class='gform-field-label gform-field-label--type-inline'>Staff in a child welfare &#8220;adjacent&#8221; field (e.g., education, health care, criminal justice, etc.)<\/label>\n\t\t\t<\/li>\n\t\t\t<li class='gchoice gchoice_5_9_5'>\n\t\t\t\t<input name='input_9' type='radio' value='Court personnel (e.g., Judge, attorney, etc.)'  id='choice_5_9_5'    \/>\n\t\t\t\t<label for='choice_5_9_5' id='label_5_9_5' class='gform-field-label gform-field-label--type-inline'>Court personnel (e.g., Judge, attorney, etc.)<\/label>\n\t\t\t<\/li>\n\t\t\t<li class='gchoice gchoice_5_9_6'>\n\t\t\t\t<input name='input_9' type='radio' value='Policymaker or legislative staffer'  id='choice_5_9_6'    \/>\n\t\t\t\t<label for='choice_5_9_6' id='label_5_9_6' class='gform-field-label gform-field-label--type-inline'>Policymaker or legislative staffer<\/label>\n\t\t\t<\/li>\n\t\t\t<li class='gchoice gchoice_5_9_7'>\n\t\t\t\t<input name='input_9' type='radio' value='Person who is directly involved with the child welfare system (e.g., parent, grandparent, foster\/resource parent, youth in care, etc.)'  id='choice_5_9_7'    \/>\n\t\t\t\t<label for='choice_5_9_7' id='label_5_9_7' class='gform-field-label gform-field-label--type-inline'>Person who is directly involved with the child welfare system (e.g., parent, grandparent, foster\/resource parent, youth in care, etc.)<\/label>\n\t\t\t<\/li>\n\t\t\t<li class='gchoice gchoice_5_9_8'>\n\t\t\t\t<input name='input_9' type='radio' value='Other'  id='choice_5_9_8'    \/>\n\t\t\t\t<label for='choice_5_9_8' id='label_5_9_8' class='gform-field-label gform-field-label--type-inline'>Other<\/label>\n\t\t\t<\/li><\/ul><\/div><\/li><li id=\"field_5_8\" class=\"gfield gfield--type-radio gfield--type-choice gfield--width-full field_sublabel_below gfield--has-description field_description_above hidden_label field_validation_below gfield_visibility_visible gfield--choice-align-vertical\"  ><label class='gfield_label gform-field-label' ><span class='gform-field-label__text'>Are you in<\/span><\/label><div class='gfield_description' id='gfield_description_5_8'><h5>Are you in<\/h5><\/div><div class='ginput_container ginput_container_radio'><ul class='gfield_radio' id='input_5_8'>\n\t\t\t<li class='gchoice gchoice_5_8_0'>\n\t\t\t\t<input name='input_8' type='radio' value='direct practice'  id='choice_5_8_0'    \/>\n\t\t\t\t<label for='choice_5_8_0' id='label_5_8_0' class='gform-field-label gform-field-label--type-inline'>direct practice<\/label>\n\t\t\t<\/li>\n\t\t\t<li class='gchoice gchoice_5_8_1'>\n\t\t\t\t<input name='input_8' type='radio' value='senior leadership'  id='choice_5_8_1'    \/>\n\t\t\t\t<label for='choice_5_8_1' id='label_5_8_1' class='gform-field-label gform-field-label--type-inline'>senior leadership<\/label>\n\t\t\t<\/li>\n\t\t\t<li class='gchoice gchoice_5_8_2'>\n\t\t\t\t<input name='input_8' type='radio' value='Other'  id='choice_5_8_2'    \/>\n\t\t\t\t<label for='choice_5_8_2' id='label_5_8_2' class='gform-field-label gform-field-label--type-inline'>Other<\/label>\n\t\t\t<\/li><\/ul><\/div><\/li><li id=\"field_5_10\" class=\"gfield gfield--type-text gfield--width-full field_sublabel_below gfield--has-description field_description_above hidden_label field_validation_below gfield_visibility_visible\"  ><label class='gfield_label gform-field-label' for='input_5_10'><span class='gform-field-label__text'>My role\/affiliation is<\/span><\/label><div class='gfield_description' id='gfield_description_5_10'><h5>My role\/affiliation is<\/h5><\/div><div class='ginput_container ginput_container_text'><input name='input_10' id='input_5_10' type='text' value='' class='large'  aria-describedby=\"gfield_description_5_10\"    aria-invalid=\"false\"   \/><\/div><\/li><\/ul><\/div>\n        <div class='gform-footer gform_footer top_label'> <button type='submit' id='gform_submit_button_5' class='gform_button button' onclick='gform.submission.handleButtonClick(this);' data-submission-type='submit' >Submit<\/button> <input type='hidden' name='gform_ajax' value='form_id=5&amp;title=&amp;description=&amp;tabindex=0&amp;theme=legacy&amp;styles=[]&amp;hash=5bca2e210debe6f2e4848e7ed06ed207' \/>\n            <input type='hidden' class='gform_hidden' name='gform_submission_method' data-js='gform_submission_method_5' value='iframe' \/>\n            <input type='hidden' class='gform_hidden' name='gform_theme' data-js='gform_theme_5' id='gform_theme_5' value='legacy' \/>\n            <input type='hidden' class='gform_hidden' name='gform_style_settings' data-js='gform_style_settings_5' id='gform_style_settings_5' value='[]' \/>\n            <input type='hidden' class='gform_hidden' name='is_submit_5' value='1' \/>\n            <input type='hidden' class='gform_hidden' name='gform_submit' value='5' \/>\n            \n            <input type='hidden' class='gform_hidden' name='gform_currency' data-currency='USD' value='jjlKbYF2dKhbM+vwLqvTl6gw7Z+Gqn8T9ubePX13WB01t7vf0bUetUH0TZ8+MMtfQwCV0xGmr\/w9nFHycymO5uwEZrE9qpb86VFjpxiwqciJxlM=' \/>\n            <input type='hidden' class='gform_hidden' name='gform_unique_id' value='' \/>\n            <input type='hidden' class='gform_hidden' name='state_5' value='WyJ7XCI0XCI6W1wiZDFjNTk0ZjNmNWY4ODY0MDM5NWU2ZWVhZjgyYmI5NzBcIixcImUzNTBjNGZjZjc4MGJjN2E0ZjQ4NzcwNjJlNzcwMDg0XCJdLFwiOVwiOltcImY3MzA1YmJmZjc4ZjBkNTFhZmEyNDVlNDZhNzg5OTJlXCIsXCJiZDUxMTE2Y2IzNzg5MWNjY2RlNmEyNDUxODM0NjRhM1wiLFwiM2NiNmJkNTMwMTRlNjY4ZjM5NjU3NGMyMjQ2Yzg3NzdcIixcIjc5MmEyMWM2MzcyYmI0ODU0ZmY2NThjZWQ1YjI0MDE5XCIsXCI3NGEyNmUwZjAxMzRmMGZkNTQ5ZDZkYjI1ZjBiMjYzZlwiLFwiYTE3MGJkMzdjYTQ1YWE5MjYxMzJkY2JhOGM3MjI0MTFcIixcImRkOGQ5ZTRmOWMzYzM3ZGNiMGIzNmNkOTU4NDJlY2Y1XCIsXCIyMzk0MzMxMzQyZGNhNTIyZjlmMTRkY2UzY2VlOGE1OFwiLFwiY2U1NTk0YTQ0ZDgzMzlhYTMyMTVmNzAyZDc4NWZmNTdcIl0sXCI4XCI6W1wiYTRhZDZjYmI1NjhmNTI0NTNkNjNiNzRkOGQyZDU4ZjRcIixcImNmMDY1NGE5OWI4MmU2NDJkNjQ0MDkwNWFjNGI4NjJlXCIsXCJjZTU1OTRhNDRkODMzOWFhMzIxNWY3MDJkNzg1ZmY1N1wiXSxcImdmb3JtX3N1Ym1pc3Npb25fbWV0aG9kXCI6W1wiM2VmOWFiMDZjYzU1NjA4NmZlYjViYTEzZjMzZDA2ODNcIixcIjIwNjE3Yjk0NjQwMjgwNzlmOTNkYzIyN2E0NmExMzgwXCIsXCI0MzBhNTBhYThmMTJkZWIwYzRlMTJhNzc3MWE2MzFkZVwiXSxcImdmb3JtX3RoZW1lXCI6XCJiNDdkZTVkMTc0NWNhY2JmYTRlNTk5ZTA4YTFlYThhZVwiLFwiZ2Zvcm1fc3R5bGVfc2V0dGluZ3NcIjpcImNmZWFjYzFlMWU1MTZjNDY3YmI2ODNhYWYyZWQyODQwXCIsXCJmb3JtX2lkXCI6XCJhN2QzZjRlMzk3M2E2Zjk0MTg4MWQ4MWIwY2FhNWQ2YlwiLFwidXJsXCI6XCI1YmQ0MTdhNzE5ZTA4ZjU1MWQ1ZGNmNWI0MzViNGE3M1wiLFwic3RhdGVfdGltZXN0YW1wXCI6XCIzMjU4YWI5ZTMzMzVlODgzMzc4ODFjZWQ1OTcyNTlmZFwifSIsIjFjODIyZjQyOGNiZTdjYzk4NmI2NmUzOWYxYTRhMzdkIiwxNzg4NTE4NjA4XQ==' \/>\n            <input type='hidden' autocomplete='off' class='gform_hidden' name='gform_target_page_number_5' id='gform_target_page_number_5' value='0' \/>\n            <input type='hidden' autocomplete='off' class='gform_hidden' name='gform_source_page_number_5' id='gform_source_page_number_5' value='1' \/>\n            <input type='hidden' name='gform_field_values' value='' \/>\n            \n        <\/div>\n                        <\/form>\n                        <\/div>\n\t\t                <iframe style='display:none;width:0px;height:0px;' src='about:blank' name='gform_ajax_frame_5' id='gform_ajax_frame_5' title='This iframe contains the logic required to handle Ajax powered Gravity Forms.'><\/iframe>\n\t\t                <script>\ngform.initializeOnLoaded( function() {jQuery('#gform_ajax_frame_5').on('load',function(){var contents = jQuery(this).contents().find('*').html();var is_postback = contents.indexOf('GF_AJAX_POSTBACK') >= 0;if(!is_postback){return;}var form_content = jQuery(this).contents().find('#gform_wrapper_5');var is_confirmation = jQuery(this).contents().find('#gform_confirmation_wrapper_5').length > 0;var is_redirect = contents.indexOf('gformRedirect(){') >= 0;var is_form = form_content.length > 0 && ! is_redirect && ! is_confirmation;var mt = parseInt(jQuery('html').css('margin-top'), 10) + parseInt(jQuery('body').css('margin-top'), 10) + 100;if(is_form){form_content.find('form').css('opacity', 0);jQuery('#gform_wrapper_5').html(form_content.html());if(form_content.hasClass('gform_validation_error')){jQuery('#gform_wrapper_5').addClass('gform_validation_error');} else {jQuery('#gform_wrapper_5').removeClass('gform_validation_error');}setTimeout( function() { \/* delay the scroll by 50 milliseconds to fix a bug in chrome *\/ jQuery(document).scrollTop(jQuery('#gform_wrapper_5').offset().top - mt); }, 50 );var current_page = jQuery('#gform_source_page_number_5').val();jQuery(document).trigger('gform_page_loaded', [5, current_page]);window['gf_submitting_5'] = false;}else if(!is_redirect){var confirmation_content = jQuery(this).contents().find('.GF_AJAX_POSTBACK').html();if(!confirmation_content){confirmation_content = contents;}jQuery('#gform_wrapper_5').replaceWith(confirmation_content);jQuery(document).scrollTop(jQuery('#gf_5').offset().top - mt);jQuery(document).trigger('gform_confirmation_loaded', [5]);window['gf_submitting_5'] = false;wp.a11y.speak(jQuery('#gform_confirmation_message_5').text());}else{jQuery('#gform_5').append(contents);if(window['gformRedirect']) {gformRedirect();}}jQuery(document).trigger(\"gform_pre_post_render\", [{ formId: \"5\", currentPage: \"current_page\", abort: function() { this.preventDefault(); } }]);        if (event && event.defaultPrevented) {                return;        }        const gformWrapperDiv = document.getElementById( \"gform_wrapper_5\" );        if ( gformWrapperDiv ) {            const visibilitySpan = document.createElement( \"span\" );            visibilitySpan.id = \"gform_visibility_test_5\";            gformWrapperDiv.insertAdjacentElement( \"afterend\", visibilitySpan );        }        const visibilityTestDiv = document.getElementById( \"gform_visibility_test_5\" );        let postRenderFired = false;        function triggerPostRender() {            if ( postRenderFired ) {                return;            }            postRenderFired = true;            gform.core.triggerPostRenderEvents( 5, current_page );            if ( visibilityTestDiv ) {                visibilityTestDiv.parentNode.removeChild( visibilityTestDiv );            }        }        function debounce( func, wait, immediate ) {            var timeout;            return function() {                var context = this, args = arguments;                var later = function() {                    timeout = null;                    if ( !immediate ) func.apply( context, args );                };                var callNow = immediate && !timeout;                clearTimeout( timeout );                timeout = setTimeout( later, wait );                if ( callNow ) func.apply( context, args );            };        }        const debouncedTriggerPostRender = debounce( function() {            triggerPostRender();        }, 200 );        if ( visibilityTestDiv && visibilityTestDiv.offsetParent === null ) {            const observer = new MutationObserver( ( mutations ) => {                mutations.forEach( ( mutation ) => {                    if ( mutation.type === 'attributes' && visibilityTestDiv.offsetParent !== null ) {                        debouncedTriggerPostRender();                        observer.disconnect();                    }                });            });            observer.observe( document.body, {                attributes: true,                childList: false,                subtree: true,                attributeFilter: [ 'style', 'class' ],            });        } else {            triggerPostRender();        }    } );} );\n<\/script>\n\n<\/div>\n \n \n <!-- conversly to above, we need to not show the CTA here if it's the Head Section style -->\n  <\/div>\n<\/div>\n","protected":false},"excerpt":{"rendered":"<p>Aprenda c\u00f3mo un programa de tratamiento residencial cambi\u00f3 su modelo de negocio, su pr\u00e1ctica y su cultura para servir mejor a los j\u00f3venes y a las familias.<\/p>","protected":false},"author":18,"featured_media":36501,"comment_status":"closed","ping_status":"closed","sticky":false,"template":"","format":"standard","meta":{"_acf_changed":true,"_searchwp_excluded":"","footnotes":"","_members_access_role":[],"_members_access_error":""},"categories":[264,273,274],"content_type":[205],"hidden-tags-misc":[],"audience":[317,498],"content_location":[367],"topic":[407,424,429,501],"class_list":["post-31678","post","type-post","status-publish","format-standard","has-post-thumbnail","hentry","category-ensure-every-child-has-safe-supportive-lifelong-family","category-family-engagement","category-permanency","content_type-brief","audience-child-welfare-leader","audience-social-worker-direct-practitioner","content_location-new-york","topic-birth-family-engagement","topic-family-first-prevention-services-act","topic-group-institutional-placements","topic-questions-from-the-field"],"acf":[],"yoast_head":"<!-- This site is optimized with the Yoast SEO Premium plugin v28.4 (Yoast SEO v28.4) - https:\/\/yoast.com\/product\/yoast-seo-premium-wordpress\/ -->\n<title>Residential Treatment Model \u2013 Casey Family Programs<\/title>\n<meta name=\"description\" content=\"Children\u2019s Village in New York changed the focus and emphasis of its youth residential program from family and community separation to treatment and care.\" \/>\n<meta name=\"robots\" content=\"index, follow, max-snippet:-1, max-image-preview:large, max-video-preview:-1\" \/>\n<link rel=\"canonical\" href=\"https:\/\/www.casey.org\/es\/aldea_infantil\/\" \/>\n<meta property=\"og:locale\" content=\"es_MX\" \/>\n<meta property=\"og:type\" content=\"article\" \/>\n<meta property=\"og:title\" content=\"How does Children\u2019s Village reflect the components of a Qualified Residential Treatment Program?\" \/>\n<meta property=\"og:description\" content=\"Children\u2019s Village in New York changed the focus and emphasis of its youth residential program from family and community separation to treatment and care.\" \/>\n<meta property=\"og:url\" content=\"https:\/\/www.casey.org\/es\/aldea_infantil\/\" \/>\n<meta property=\"og:site_name\" content=\"Casey Family Programs\" \/>\n<meta property=\"article:published_time\" content=\"2019-09-18T17:43:45+00:00\" \/>\n<meta property=\"article:modified_time\" content=\"2026-04-29T15:41:01+00:00\" \/>\n<meta property=\"og:image\" content=\"https:\/\/www.casey.org\/media\/HO_Facebook_Header.jpg\" \/>\n<meta name=\"author\" content=\"Scott Brown\" \/>\n<meta name=\"twitter:card\" content=\"summary_large_image\" \/>\n<meta name=\"twitter:image\" content=\"https:\/\/www.casey.org\/media\/HO_Twitter-Header.jpg\" \/>\n<meta name=\"twitter:label1\" content=\"Written by\" \/>\n\t<meta name=\"twitter:data1\" content=\"Scott Brown\" \/>\n\t<meta name=\"twitter:label2\" content=\"Est. reading time\" \/>\n\t<meta name=\"twitter:data2\" content=\"1 minuto\" \/>\n<script type=\"application\/ld+json\" class=\"yoast-schema-graph\">{\"@context\":\"https:\\\/\\\/schema.org\",\"@graph\":[{\"@type\":\"Article\",\"@id\":\"https:\\\/\\\/www.casey.org\\\/childrens_village\\\/#article\",\"isPartOf\":{\"@id\":\"https:\\\/\\\/www.casey.org\\\/childrens_village\\\/\"},\"author\":{\"name\":\"Scott Brown\",\"@id\":\"https:\\\/\\\/www.casey.org\\\/#\\\/schema\\\/person\\\/277402869a8f7ae40f29a909eee4a2cb\"},\"headline\":\"How does Children\u2019s Village reflect the components of a Qualified Residential Treatment Program?\",\"datePublished\":\"2019-09-18T17:43:45+00:00\",\"dateModified\":\"2026-04-29T15:41:01+00:00\",\"mainEntityOfPage\":{\"@id\":\"https:\\\/\\\/www.casey.org\\\/childrens_village\\\/\"},\"wordCount\":14,\"image\":{\"@id\":\"https:\\\/\\\/www.casey.org\\\/childrens_village\\\/#primaryimage\"},\"thumbnailUrl\":\"https:\\\/\\\/www.casey.org\\\/wp-content\\\/uploads\\\/2019\\\/09\\\/iStock-1705917204-scaled-e1772582549391.jpg\",\"keywords\":[\"Congregate care\",\"Family First Prevention Services Act\",\"Older youth\"],\"articleSection\":[\"Ensure every child has a safe, supportive and lifelong family\",\"Family engagement\",\"Permanency\"],\"inLanguage\":\"es\"},{\"@type\":\"WebPage\",\"@id\":\"https:\\\/\\\/www.casey.org\\\/childrens_village\\\/\",\"url\":\"https:\\\/\\\/www.casey.org\\\/childrens_village\\\/\",\"name\":\"Residential Treatment Model \u2013 Casey Family Programs\",\"isPartOf\":{\"@id\":\"https:\\\/\\\/www.casey.org\\\/#website\"},\"primaryImageOfPage\":{\"@id\":\"https:\\\/\\\/www.casey.org\\\/childrens_village\\\/#primaryimage\"},\"image\":{\"@id\":\"https:\\\/\\\/www.casey.org\\\/childrens_village\\\/#primaryimage\"},\"thumbnailUrl\":\"https:\\\/\\\/www.casey.org\\\/wp-content\\\/uploads\\\/2019\\\/09\\\/iStock-1705917204-scaled-e1772582549391.jpg\",\"datePublished\":\"2019-09-18T17:43:45+00:00\",\"dateModified\":\"2026-04-29T15:41:01+00:00\",\"author\":{\"@id\":\"https:\\\/\\\/www.casey.org\\\/#\\\/schema\\\/person\\\/277402869a8f7ae40f29a909eee4a2cb\"},\"description\":\"Children\u2019s Village in New York changed the focus and emphasis of its youth residential program from family and community separation to treatment and care.\",\"breadcrumb\":{\"@id\":\"https:\\\/\\\/www.casey.org\\\/childrens_village\\\/#breadcrumb\"},\"inLanguage\":\"es\",\"potentialAction\":[{\"@type\":\"ReadAction\",\"target\":[\"https:\\\/\\\/www.casey.org\\\/childrens_village\\\/\"]}]},{\"@type\":\"ImageObject\",\"inLanguage\":\"es\",\"@id\":\"https:\\\/\\\/www.casey.org\\\/childrens_village\\\/#primaryimage\",\"url\":\"https:\\\/\\\/www.casey.org\\\/wp-content\\\/uploads\\\/2019\\\/09\\\/iStock-1705917204-scaled-e1772582549391.jpg\",\"contentUrl\":\"https:\\\/\\\/www.casey.org\\\/wp-content\\\/uploads\\\/2019\\\/09\\\/iStock-1705917204-scaled-e1772582549391.jpg\",\"width\":1200,\"height\":628,\"caption\":\"Happy Hispanic mother and child enjoying together outdoor - Family love relationship - Mom and daughter concept\"},{\"@type\":\"BreadcrumbList\",\"@id\":\"https:\\\/\\\/www.casey.org\\\/childrens_village\\\/#breadcrumb\",\"itemListElement\":[{\"@type\":\"ListItem\",\"position\":1,\"name\":\"Home\",\"item\":\"https:\\\/\\\/www.casey.org\\\/\"},{\"@type\":\"ListItem\",\"position\":2,\"name\":\"How does Children\u2019s Village reflect the components of a Qualified Residential Treatment Program?\"}]},{\"@type\":\"WebSite\",\"@id\":\"https:\\\/\\\/www.casey.org\\\/#website\",\"url\":\"https:\\\/\\\/www.casey.org\\\/\",\"name\":\"Casey Family Programs\",\"description\":\"Safe Children, Strong Families, Supportive Communities\",\"potentialAction\":[{\"@type\":\"SearchAction\",\"target\":{\"@type\":\"EntryPoint\",\"urlTemplate\":\"https:\\\/\\\/www.casey.org\\\/?s={search_term_string}\"},\"query-input\":{\"@type\":\"PropertyValueSpecification\",\"valueRequired\":true,\"valueName\":\"search_term_string\"}}],\"inLanguage\":\"es\"},{\"@type\":\"Person\",\"@id\":\"https:\\\/\\\/www.casey.org\\\/#\\\/schema\\\/person\\\/277402869a8f7ae40f29a909eee4a2cb\",\"name\":\"Scott Brown\",\"image\":{\"@type\":\"ImageObject\",\"inLanguage\":\"es\",\"@id\":\"https:\\\/\\\/secure.gravatar.com\\\/avatar\\\/54f92a2f06fbe6035ea3480a231badaae20ddd318774694353c849fbbe2ff471?s=96&d=mm&r=g\",\"url\":\"https:\\\/\\\/secure.gravatar.com\\\/avatar\\\/54f92a2f06fbe6035ea3480a231badaae20ddd318774694353c849fbbe2ff471?s=96&d=mm&r=g\",\"contentUrl\":\"https:\\\/\\\/secure.gravatar.com\\\/avatar\\\/54f92a2f06fbe6035ea3480a231badaae20ddd318774694353c849fbbe2ff471?s=96&d=mm&r=g\",\"caption\":\"Scott Brown\"},\"url\":\"https:\\\/\\\/www.casey.org\\\/es\\\/author\\\/sbrowncasey-org\\\/\"},{\"@type\":\"ImageObject\",\"inLanguage\":\"es\",\"@id\":\"https:\\\/\\\/www.casey.org\\\/childrens_village\\\/#local-main-organization-logo\",\"url\":\"\",\"contentUrl\":\"\",\"caption\":\"Casey Family Programs\"}]}<\/script>\n<!-- \/ Yoast SEO Premium plugin. -->","yoast_head_json":{"title":"Modelo de tratamiento residencial \u2013 Casey Family Programs","description":"Children's Village en Nueva York cambi\u00f3 el enfoque y el \u00e9nfasis de su programa residencial para j\u00f3venes, pasando de la separaci\u00f3n familiar y comunitaria al tratamiento y la atenci\u00f3n.","robots":{"index":"index","follow":"follow","max-snippet":"max-snippet:-1","max-image-preview":"max-image-preview:large","max-video-preview":"max-video-preview:-1"},"canonical":"https:\/\/www.casey.org\/es\/aldea_infantil\/","og_locale":"es_MX","og_type":"article","og_title":"How does Children\u2019s Village reflect the components of a Qualified Residential Treatment Program?","og_description":"Children\u2019s Village in New York changed the focus and emphasis of its youth residential program from family and community separation to treatment and care.","og_url":"https:\/\/www.casey.org\/es\/aldea_infantil\/","og_site_name":"Casey Family Programs","article_published_time":"2019-09-18T17:43:45+00:00","article_modified_time":"2026-04-29T15:41:01+00:00","og_image":[{"url":"https:\/\/www.casey.org\/media\/HO_Facebook_Header.jpg","type":"","width":"","height":""}],"author":"Scott Brown","twitter_card":"summary_large_image","twitter_image":"https:\/\/www.casey.org\/media\/HO_Twitter-Header.jpg","twitter_misc":{"Written by":"Scott Brown","Est. reading time":"1 minuto"},"schema":{"@context":"https:\/\/schema.org","@graph":[{"@type":"Article","@id":"https:\/\/www.casey.org\/childrens_village\/#article","isPartOf":{"@id":"https:\/\/www.casey.org\/childrens_village\/"},"author":{"name":"Scott Brown","@id":"https:\/\/www.casey.org\/#\/schema\/person\/277402869a8f7ae40f29a909eee4a2cb"},"headline":"How does Children\u2019s Village reflect the components of a Qualified Residential Treatment Program?","datePublished":"2019-09-18T17:43:45+00:00","dateModified":"2026-04-29T15:41:01+00:00","mainEntityOfPage":{"@id":"https:\/\/www.casey.org\/childrens_village\/"},"wordCount":14,"image":{"@id":"https:\/\/www.casey.org\/childrens_village\/#primaryimage"},"thumbnailUrl":"https:\/\/www.casey.org\/wp-content\/uploads\/2019\/09\/iStock-1705917204-scaled-e1772582549391.jpg","keywords":["Congregate care","Family First Prevention Services Act","Older youth"],"articleSection":["Ensure every child has a safe, supportive and lifelong family","Family engagement","Permanency"],"inLanguage":"es"},{"@type":"WebPage","@id":"https:\/\/www.casey.org\/childrens_village\/","url":"https:\/\/www.casey.org\/childrens_village\/","name":"Modelo de tratamiento residencial \u2013 Casey Family Programs","isPartOf":{"@id":"https:\/\/www.casey.org\/#website"},"primaryImageOfPage":{"@id":"https:\/\/www.casey.org\/childrens_village\/#primaryimage"},"image":{"@id":"https:\/\/www.casey.org\/childrens_village\/#primaryimage"},"thumbnailUrl":"https:\/\/www.casey.org\/wp-content\/uploads\/2019\/09\/iStock-1705917204-scaled-e1772582549391.jpg","datePublished":"2019-09-18T17:43:45+00:00","dateModified":"2026-04-29T15:41:01+00:00","author":{"@id":"https:\/\/www.casey.org\/#\/schema\/person\/277402869a8f7ae40f29a909eee4a2cb"},"description":"Children's Village en Nueva York cambi\u00f3 el enfoque y el \u00e9nfasis de su programa residencial para j\u00f3venes, pasando de la separaci\u00f3n familiar y comunitaria al tratamiento y la atenci\u00f3n.","breadcrumb":{"@id":"https:\/\/www.casey.org\/childrens_village\/#breadcrumb"},"inLanguage":"es","potentialAction":[{"@type":"ReadAction","target":["https:\/\/www.casey.org\/childrens_village\/"]}]},{"@type":"ImageObject","inLanguage":"es","@id":"https:\/\/www.casey.org\/childrens_village\/#primaryimage","url":"https:\/\/www.casey.org\/wp-content\/uploads\/2019\/09\/iStock-1705917204-scaled-e1772582549391.jpg","contentUrl":"https:\/\/www.casey.org\/wp-content\/uploads\/2019\/09\/iStock-1705917204-scaled-e1772582549391.jpg","width":1200,"height":628,"caption":"Happy Hispanic mother and child enjoying together outdoor - Family love relationship - Mom and daughter concept"},{"@type":"BreadcrumbList","@id":"https:\/\/www.casey.org\/childrens_village\/#breadcrumb","itemListElement":[{"@type":"ListItem","position":1,"name":"Home","item":"https:\/\/www.casey.org\/"},{"@type":"ListItem","position":2,"name":"How does Children\u2019s Village reflect the components of a Qualified Residential Treatment Program?"}]},{"@type":"WebSite","@id":"https:\/\/www.casey.org\/#website","url":"https:\/\/www.casey.org\/","name":"Programas Familiares Casey","description":"Ni\u00f1os seguros, familias fuertes, comunidades solidarias","potentialAction":[{"@type":"SearchAction","target":{"@type":"EntryPoint","urlTemplate":"https:\/\/www.casey.org\/?s={search_term_string}"},"query-input":{"@type":"PropertyValueSpecification","valueRequired":true,"valueName":"search_term_string"}}],"inLanguage":"es"},{"@type":"Person","@id":"https:\/\/www.casey.org\/#\/schema\/person\/277402869a8f7ae40f29a909eee4a2cb","name":"Scott Brown","image":{"@type":"ImageObject","inLanguage":"es","@id":"https:\/\/secure.gravatar.com\/avatar\/54f92a2f06fbe6035ea3480a231badaae20ddd318774694353c849fbbe2ff471?s=96&d=mm&r=g","url":"https:\/\/secure.gravatar.com\/avatar\/54f92a2f06fbe6035ea3480a231badaae20ddd318774694353c849fbbe2ff471?s=96&d=mm&r=g","contentUrl":"https:\/\/secure.gravatar.com\/avatar\/54f92a2f06fbe6035ea3480a231badaae20ddd318774694353c849fbbe2ff471?s=96&d=mm&r=g","caption":"Scott Brown"},"url":"https:\/\/www.casey.org\/es\/author\/sbrowncasey-org\/"},{"@type":"ImageObject","inLanguage":"es","@id":"https:\/\/www.casey.org\/childrens_village\/#local-main-organization-logo","url":"","contentUrl":"","caption":"Casey Family Programs"}]}},"jetpack_featured_media_url":"https:\/\/www.casey.org\/wp-content\/uploads\/2019\/09\/iStock-1705917204-scaled-e1772582549391.jpg","_links":{"self":[{"href":"https:\/\/www.casey.org\/es\/wp-json\/wp\/v2\/posts\/31678","targetHints":{"allow":["GET"]}}],"collection":[{"href":"https:\/\/www.casey.org\/es\/wp-json\/wp\/v2\/posts"}],"about":[{"href":"https:\/\/www.casey.org\/es\/wp-json\/wp\/v2\/types\/post"}],"author":[{"embeddable":true,"href":"https:\/\/www.casey.org\/es\/wp-json\/wp\/v2\/users\/18"}],"replies":[{"embeddable":true,"href":"https:\/\/www.casey.org\/es\/wp-json\/wp\/v2\/comments?post=31678"}],"version-history":[{"count":0,"href":"https:\/\/www.casey.org\/es\/wp-json\/wp\/v2\/posts\/31678\/revisions"}],"wp:featuredmedia":[{"embeddable":true,"href":"https:\/\/www.casey.org\/es\/wp-json\/wp\/v2\/media\/36501"}],"wp:attachment":[{"href":"https:\/\/www.casey.org\/es\/wp-json\/wp\/v2\/media?parent=31678"}],"wp:term":[{"taxonomy":"category","embeddable":true,"href":"https:\/\/www.casey.org\/es\/wp-json\/wp\/v2\/categories?post=31678"},{"taxonomy":"content_type","embeddable":true,"href":"https:\/\/www.casey.org\/es\/wp-json\/wp\/v2\/content_type?post=31678"},{"taxonomy":"hidden-tags-misc","embeddable":true,"href":"https:\/\/www.casey.org\/es\/wp-json\/wp\/v2\/hidden-tags-misc?post=31678"},{"taxonomy":"audience","embeddable":true,"href":"https:\/\/www.casey.org\/es\/wp-json\/wp\/v2\/audience?post=31678"},{"taxonomy":"content_location","embeddable":true,"href":"https:\/\/www.casey.org\/es\/wp-json\/wp\/v2\/content_location?post=31678"},{"taxonomy":"topic","embeddable":true,"href":"https:\/\/www.casey.org\/es\/wp-json\/wp\/v2\/topic?post=31678"}],"curies":[{"name":"wp","href":"https:\/\/api.w.org\/{rel}","templated":true}]}}