{"id":32200,"date":"2025-03-07T18:05:40","date_gmt":"2025-03-07T18:05:40","guid":{"rendered":"https:\/\/caseyfamilyv2.wpengine.com\/traumatic-impacts-2\/"},"modified":"2026-06-24T23:11:05","modified_gmt":"2026-06-24T23:11:05","slug":"impactos-traumaticos","status":"publish","type":"post","link":"https:\/\/www.casey.org\/es\/traumatic-impacts\/","title":{"rendered":"\u00bfC\u00f3mo traumatizan a las familias la investigaci\u00f3n, la expulsi\u00f3n y el internamiento?"},"content":{"rendered":"<div class=\"content-section light fresh-text single wp-block-fresh-text backgrounds-and-margins-aware-block margin-top margin-bottom\">\n <div class=\"container mx-auto px-5\">\n\n \n \n <!-- The CTA is moved up next to the title when in the Head Section style -->\n \n  <div class=\"callout\"><h3>Summary<\/h3>\n<p><em>This brief explores how investigations, removals and placements can traumatize children and families \u2014 offering child welfare leaders strategies to better understand and mitigate these impacts.<\/em><\/p>\n<\/div>\n \n \n <!-- conversly to above, we need to not show the CTA here if it's the Head Section style -->\n  <\/div>\n<\/div>\n\n\n<div class=\"qff_disclaimer align wp-block-disclaimer content-section\">\n <div class=\"container mx-auto px-0 md:px-5\">\n <div class=\"qff_disclaimer__wrapper text-salt-box text-xs font-sofiapro border-t-2 border-spring-wood\">\n \n <\/div>\n <\/div>\n<\/div>\n\n\n<div class=\"content-section light fresh-text single wp-block-fresh-text backgrounds-and-margins-aware-block back- margin-top margin-bottom\">\n <div class=\"container mx-auto px-5\">\n\n \n \n <!-- The CTA is moved up next to the title when in the Head Section style -->\n \n  <div class=\"callout\"><p><!-- wp:paragraph --><\/p>\n<p>Safety is a child protection agency\u2019s first responsibility. Protecting children from trauma, both physical and psychological, also is a primary consideration. Investigation, removal, and placement are sometimes necessary to protect children from imminent harm. However, these processes also create trauma for all involved. Trauma during childhood can interrupt healthy brain development and result in lifelong physical and mental health consequences,<a href=\"#footnotes\"><sup>1<\/sup><\/a> whether it stems from child maltreatment or the actions of a child protection agency.<\/p>\n<p><!-- \/wp:paragraph --> <!-- wp:paragraph --><\/p>\n<p><strong><em>Consideration of the likely impact of investigation, removal, and placement on the child and family must be weighed against the child\u2019s risk of future harm at home<\/em><\/strong> when making decisions about the best course of action in each case. All decision-makers within the child welfare system need to understand that protective interventions are not inherently benign. Rather, they have potential to do more harm than good if not handled in ways that are safety-centered, developmentally appropriate, and <a href=\"https:\/\/www.casey.org\/youth-trauma-informed-principles\/\">trauma-informed<\/a>.<\/p>\n<p><!-- \/wp:paragraph --> <!-- wp:paragraph --><\/p>\n<p>This brief provides an overview of the traumatic impacts that investigation, removal, and placement can have on children, parents, and caregivers, and offers considerations for child welfare leaders.<a href=\"#footnotes\"><sup>2<\/sup><\/a><\/p>\n<\/div>\n \n \n <!-- conversly to above, we need to not show the CTA here if it's the Head Section style -->\n  <\/div>\n<\/div>\n\n\n<figure class=\"quote content-section light wp-block-quote backgrounds-and-margins-aware-block margin-top margin-bottom padding-top padding-bottom\">\n <div class=\"container mx-auto px-5\">\n  <div class=\"basic-quote text-revolver\">\n <blockquote class=\"relative z-0\"><p>When my daughter was removed, I didn\u2019t have any contact with her for over two weeks. When I called to try to talk to her, I was labeled aggressive and told not to call back. Every day without my child felt like 1,000 years. I can\u2019t even imagine what my daughter felt. She is an adult now and I can see some of that trauma playing out to this day.<\/p>\n<\/blockquote>\n  <figcaption class=\"text-md text-right mt-9 font-sofiapro\"><cite>&mdash; Roger DeLeon, Parent, California<\/cite><\/figcaption>\n  <\/div>\n\n  <\/div>\n<\/figure>\n\n\n<div class=\"content-section light fresh-text single wp-block-fresh-text backgrounds-and-margins-aware-block margin-top margin-bottom\">\n <div class=\"container mx-auto px-5\">\n\n \n   <h2>What makes investigation, removal, and placement traumatic for children?<\/h2>\n  \n <!-- The CTA is moved up next to the title when in the Head Section style -->\n \n  <div class=\"callout\"><p><!-- wp:paragraph --><\/p>\n<p>Many elements of a child protection intervention may create or reinforce a child\u2019s belief that the world is unpredictable and unsafe. The degree of trauma that a child will experience depends on a number of factors, including the child\u2019s age and level of resilience.<a href=\"#footnotes\"><sup>3<\/sup><\/a><\/p>\n<p><!-- \/wp:paragraph --> <!-- wp:paragraph --><\/p>\n<p><strong>Separation from primary caregivers can be traumatic at any age. <\/strong>Family separations may be particularly detrimental for younger children. Even if a parent is abusive or neglectful, attachment, love, and bonding still can exist. Attachment disruptions affect children in ways that <a href=\"https:\/\/www.youtube.com\/watch?v=bwpcn8sRtqg\">can impact their brain development<\/a>, resilience to stress, sleep patterns, and ability to fight off illness.<a href=\"#footnotes\"><sup>4 <\/sup><\/a>If substitute caregivers see their primary role as keeping the child physically safe, without attending to their need for healthy attachment, the child will have more difficulty adapting to new surroundings and may experience more long-term developmental consequences.<a href=\"#footnotes\"><sup>5 <\/sup><\/a>Ensuring <a href=\"https:\/\/www.casey.org\/first-placement-family-placement\/\">children\u2019s first and only placement<\/a> is with someone they already know, such as a relative (kin) or a trusted friend (fictive kin), can ease separation anxiety and any confusion the child may have about the temporary caregiver\u2019s role.<\/p>\n<p><!-- \/wp:paragraph --> <!-- wp:paragraph --><\/p>\n<p><strong>Care should be taken to ensure that the circumstances of a family separation are less traumatic than the situation that threatens the child\u2019s safety at home. <\/strong><\/p>\n<p><!-- \/wp:paragraph --> <!-- wp:paragraph --><\/p>\n<p>Elements of a child protection intervention that may increase trauma for children:<\/p>\n<ul class=\"wp-block-list\">\n<li><strong>Surprise and shock.<\/strong> Intervention is particularly traumatic when it happens suddenly or unexpectedly, combined with a high level of conflict. Children may be confused about cause and effect, not understanding why they have been removed from their home.<\/li>\n<li><strong>Community over-reporting and over-policing.<\/strong> Many children whose families are investigated live in communities that experience <a href=\"https:\/\/www.risemagazine.org\/2019\/09\/surveillance-isnt-safety\/\" target=\"_blank\" rel=\"noopener\">oversurveillance<\/a>. Research shows that Black, Indigenous, and impoverished communities receive a disproportionate level of police and child protection surveillance when compared to white, middle class, or affluent communities.<a href=\"#footnotes\"><sup>6<\/sup><\/a><sup>,<\/sup><a href=\"#footnotes\"><sup>7 <\/sup><\/a>Children may have witnessed removals among family members, friends, or neighbors, and may fear the police and the child protection agency. They also may have heard horror stories about foster care that exacerbate their own fears.<\/li>\n<li><strong>Betrayal and loss of trust.<\/strong> Children may feel betrayed by the person who reported the family, and therefore may feel they are surrounded by people they cannot trust.<\/li>\n<li><strong>Loss of control, helplessness, and confusion. <\/strong>Children experiencing removal face many unknowns. They may not know where they are going, what will happen to them, what is happening to their parents and siblings, and how long they will be away from home. They may feel unable to speak up on their own behalf or ask questions about the things that concern them. Other traumatic elements of the situation may make it difficult for children to absorb or retain information provided to them.<\/li>\n<li><strong>Worry about parents and siblings.<\/strong> If children from the same family are separated, they may be overwhelmed with concern about their siblings. Older children may feel responsible for taking care of the family and feel guilty due to the believe that the disruption to the family is their fault, or that they have failed to protect parents or siblings. They may worry about how their parents (and siblings, if separated) are coping, especially in the absence of frequent contact and communication.<\/li>\n<li><strong>Repeated interviewing about traumatic events.<\/strong> Having to tell the story of \u201cwhat happened\u201d multiple times to different professionals (school staff, caseworker, police) may exacerbate trauma and reinforce feelings of guilt and betrayal.<\/li>\n<li><strong>Loss of the familiar. <\/strong>Children removed from their home face losses on multiple levels: family (including extended family members, pets, belongings, routines); neighborhood and school (familiar places, friends, teachers, extracurricular activities); and culture (language, race\/ethnicity, religion).<\/li>\n<\/ul>\n<ul class=\"wp-block-list\">\n<li style=\"list-style-type: none;\"><\/li>\n<\/ul>\n<p><!-- \/wp:list-item --><\/p>\n<p><!-- \/wp:list --> <!-- wp:paragraph --><\/p>\n<p>It should be noted that some children \u2014 particularly older youth \u2014 may experience relief and a feeling of safety from an agency\u2019s protective action. These youth nevertheless still deserve consideration of the physical and psychological traumatic effects associated with investigation, removal, and placement, as well as an opportunity to stay connected to their family, school, community, and culture.<\/p>\n<\/div>\n \n \n <!-- conversly to above, we need to not show the CTA here if it's the Head Section style -->\n  <\/div>\n<\/div>\n\n\n<div class=\"content-section light fresh-text single wp-block-fresh-text backgrounds-and-margins-aware-block margin-top margin-bottom\">\n <div class=\"container mx-auto px-5\">\n\n \n   <h2>How might parents and caregivers experience investigation, removal, and placement?<\/h2>\n  \n <!-- The CTA is moved up next to the title when in the Head Section style -->\n \n  <div class=\"callout\"><p><!-- wp:paragraph --><\/p>\n<p>Trauma to parents and caregivers impacts the well-being of the children in their care. The effects of trauma on parenting can include heightened reactivity or aggression, emotional numbing, and negative perceptions of children\u2019s behavior.<a href=\"#footnotes\"><sup>8 <\/sup><\/a>Child protection agencies have an important responsibility to avoid or minimize trauma to parents and caregivers so that families do not experience greater stress than before they came to the agency\u2019s attention.<\/p>\n<p><!-- \/wp:paragraph --> <!-- wp:paragraph --><\/p>\n<p>Consider the following:<\/p>\n<ul class=\"wp-block-list\">\n<li><strong>Parents may experience many of the same feelings as their children<\/strong>, including surprise and shock, betrayal and distrust, fear, loss of control and helplessness, and worry about their children. These feelings will add to \u2014 and possibly compound \u2014 any stressors and traumas that led to the system involvement, which may include the <a href=\"https:\/\/www.casey.org\/economic-supports\/\">effects of poverty<\/a>, <a href=\"https:\/\/www.casey.org\/creating-healing-pathways\/\">behavioral health concerns<\/a>, <a href=\"https:\/\/www.casey.org\/child-welfare-domestic-violence-collaboration\">domestic violence<\/a>, or <a href=\"https:\/\/www.casey.org\/substance-use-disorders-keep-families-together\/\">substance use disorder<\/a>.<\/li>\n<li>At the time of removal and during a family separation, the degree of trauma for the child will depend somewhat on the tone of the interactions between the parent and the professionals, and how much stress the parent experiences and demonstrates to the child. <strong>Taking steps to prepare parents in advance<\/strong> when possible, encouraging them to play a role in identifying potential placements, and providing as much information as possible about how their children are being cared for during the separation may help reduce trauma for both parents and children.<\/li>\n<li><strong>When family members step in as caregivers<\/strong>, they often have little or no time to adapt their homes, lives, and routines to accommodate the children. They may feel ill-prepared, both for their new caregiving responsibilities and any negative behaviors the children may display as a result of their trauma. Caregivers are vulnerable to secondary or vicarious trauma from being exposed to these experiences and the children\u2019s pain. A lack of practical, financial, or emotional support from the child welfare system or their community may exacerbate these difficulties.<\/li>\n<li>Families affected by the child welfare system are more likely to have experienced higher levels of <a href=\"https:\/\/www.verywellmind.com\/what-is-integenerational-trauma-5211898\" target=\"_blank\" rel=\"noopener\"><strong>generational<\/strong><\/a><strong> and community trauma<\/strong>, including structural racism and community violence. They may have past experience with the child welfare system as adults or children. A new investigation or removal may trigger past trauma for parents and kinship caregivers.<\/li>\n<\/ul>\n<\/div>\n \n \n <!-- conversly to above, we need to not show the CTA here if it's the Head Section style -->\n  <\/div>\n<\/div>\n\n\n<figure class=\"quote content-section light wp-block-quote backgrounds-and-margins-aware-block margin-top margin-bottom padding-top padding-bottom\">\n <div class=\"container mx-auto px-5\">\n  <div class=\"basic-quote text-revolver\">\n <blockquote class=\"relative z-0\"><p>Sometimes it\u2019s hard to identify and handle our own trauma as caregivers. We were so busy focusing on the kids\u2019 needs \u2014 feeding them, holding them, driving them to appointments \u2014 that we could barely handle the trauma, let alone manage the day-to-day care for our kids.<\/p>\n<\/blockquote>\n  <figcaption class=\"text-md text-right mt-9 font-sofiapro\"><cite>&mdash; Bernadine Atchison, Kinship Caregiver, Alaska<\/cite><\/figcaption>\n  <\/div>\n\n  <\/div>\n<\/figure>\n\n\n<div class=\"content-section light fresh-text single wp-block-fresh-text backgrounds-and-margins-aware-block margin-top margin-bottom\">\n <div class=\"container mx-auto px-5\">\n\n \n   <h2>Questions to consider<\/h2>\n  \n <!-- The CTA is moved up next to the title when in the Head Section style -->\n \n  <div class=\"callout\"><p><!-- wp:paragraph --><\/p>\n<p>The traumatic effects of investigation, removal, and placement on children, parents, and caregivers must be considered in determining a best course of action in each child protection case. Read more about trauma-sensitive casework strategies and systems-level approaches in <a href=\"https:\/\/www.casey.org\/trauma-informed-investigation-removal-placement\/\"><em>How can investigation, removal, and placement processes be more trauma-informed?<\/em><\/a> and <a href=\"https:\/\/www.casey.org\/what-steps-can-our-agency-take-to-become-more-trauma-informed\/\"><em>How are child protection agencies implementing trauma-informed, healing-centered policies and practices?<\/em><\/a><\/p>\n<p><!-- \/wp:paragraph --> <!-- wp:paragraph --><\/p>\n<p>Some questions for child protection agencies to consider:<\/p>\n<ul class=\"wp-block-list\">\n<li>What steps does our agency take to ensure that investigations of suspected child maltreatment do not cause unnecessary trauma or add to the stressors a family already may be navigating?<\/li>\n<li>What strategies can our agency implement to acknowledge the harmful impact of investigations and mitigate the trauma experienced by children and families in over-surveilled communities?<\/li>\n<li>How does our jurisdiction consider and weigh potential trauma to the child, parent, and caregiver when making removal and placement decisions?<\/li>\n<li>How does our agency ensure that children stay with their families whenever safely possible, including supports to address a family\u2019s economic circumstances?<\/li>\n<li>How does our agency engage family members in removal and placement decisions, prepare kinship caregivers, and support them in their roles?<\/li>\n<li>How does our agency assess and treat trauma-related symptoms for all children and their families before, during, and after placement?<\/li>\n<li>How does our agency educate caregivers (kin and non-kin) about how the trauma of family separation might affect children\u2019s behavior?<\/li>\n<li>Who in our agency, or connected to our agency, might need additional education about the traumatic effects of investigation, removal, and placement?<\/li>\n<\/ul>\n<\/div>\n \n \n <!-- conversly to above, we need to not show the CTA here if it's the Head Section style -->\n  <\/div>\n<\/div>\n\n\n<figure class=\"quote content-section light wp-block-quote backgrounds-and-margins-aware-block margin-top margin-bottom padding-top padding-bottom\">\n <div class=\"container mx-auto px-5\">\n  <div class=\"basic-quote text-revolver\">\n <blockquote class=\"relative z-0\"><p>Caregivers need to learn to empathize with families that have been separated. Parents may not initially be interested in warm conversations. They will likely be angry. If our children were removed suddenly, I don\u2019t think we would be thankful, grateful, and open to conversations right away.<\/p>\n<\/blockquote>\n  <figcaption class=\"text-md text-right mt-9 font-sofiapro\"><cite>&mdash; Katie Biron, Adoptive Parent, Washington<\/cite><\/figcaption>\n  <\/div>\n\n  <\/div>\n<\/figure>\n\n\n<div class=\"qff_disclaimer align wp-block-disclaimer content-section\">\n <div class=\"container mx-auto px-0 md:px-5\">\n <div class=\"qff_disclaimer__wrapper text-salt-box text-xs font-sofiapro border-t-2 border-spring-wood\">\n <p>Casey Family Programs consults with individuals and teams across the country to compile research, experiences, and insights about approaches that can safely reduce the need for foster care and ensure the well-being of children and families. We share this information broadly to help child welfare leaders and their partners tackle similar issues in their own communities. For questions about this resource, or if you have other child welfare information needs, please email <a href=\"mailto:kmresources@casey.org\">kmresources@casey.org<\/a>.<\/p>\n\n <\/div>\n <\/div>\n<\/div>\n\n\n\n<div id=\"footnotes\" class=\"wp-block-group\"><div class=\"wp-block-group__inner-container is-layout-constrained wp-block-group-is-layout-constrained\">\n<div style=\"height:2px\" aria-hidden=\"true\" class=\"wp-block-spacer\"><\/div>\n<\/div><\/div>\n\n\n<div class=\"footnote wp-block-footnote\">\n  <div class=\"container mx-auto px-5 text-3xs text-black-currant\">\n    <p><!-- wp:paragraph {\"className\":\"note\"} --><\/p>\n<p class=\"note\">1 Eck, A. (2018, June 20). <a href=\"https:\/\/www.pbs.org\/wgbh\/nova\/article\/psychological-damage-inflicted-by-parent-child-separation-is-deep-long-lasting\/?utm_source=FBPAGE&amp;utm_medium=social&amp;utm_term=20180620&amp;utm_content=1603761016&amp;linkId=53285432&amp;utm_source=FBPAGE&amp;utm_medium=social&amp;utm_term\" target=\"_blank\" rel=\"noopener\"><em>The psychological effects of forced parent-child separation<\/em><\/a>. PBS.<\/p>\n<p><!-- \/wp:paragraph --><!-- wp:paragraph {\"className\":\"note\"} --><\/p>\n<p class=\"note\">2 Content of this brief was informed through ongoing consultation with members of the Knowledge Management Lived Experience Advisory Board. This team includes youth, parents, kinship caregivers, and foster parents with lived experience of the child welfare system who serve as strategic partners with Family Voices United, a collaboration between FosterClub, Generations United, the Children\u2019s Trust Fund Alliance, and Casey Family Programs. Members who contributed to this brief include: Bernadine Atchison, Katie Biron, Roger DeLeon, Rowan Grae, Jarrod Hummer, Samaris Rose, and Melissa Zimmerman.<\/p>\n<p><!-- \/wp:paragraph --><!-- wp:paragraph {\"className\":\"note\"} --><\/p>\n<p class=\"note\">3 Adapted from Portland State University, Center for Improvement of Child and Family Services. (2009). <a href=\"https:\/\/www.pdx.edu\/center-child-family\/sites\/g\/files\/znldhr2421\/files\/2020-07\/CJA-project-Information-and-discussion-guide.pdf\" target=\"_blank\" rel=\"noopener\">Reducing the trauma of investigation, removal, &amp; initial out-of-home placement in child abuse cases<\/a>.<\/p>\n<p><!-- \/wp:paragraph --><!-- wp:paragraph {\"className\":\"note\"} --><\/p>\n<p class=\"note\">4 Troutman, B. (2011). <a href=\"https:\/\/www.scribd.com\/document\/397350939\/Foster-Care\" target=\"_blank\" rel=\"noopener\">The effects of foster care placement on young children\u2019s mental health<\/a>. American Academy of Child &amp; Adolescent Psychiatry. (January 2017). Attachment disorders. [<a href=\"https:\/\/www.aacap.org\/AACAP\/Families_and_Youth\/Facts_for_Families\/FFF-Guide\/Attachment-Disorders-085.aspx\" target=\"_blank\" rel=\"noopener\">Facts for Families No.85<\/a>]<\/p>\n<p><!-- \/wp:paragraph --><!-- wp:paragraph {\"className\":\"note\"} --><\/p>\n<p class=\"note\">5 West, D., Vanderfaeillie, J., Van Hove, L., Gypen, L, and Van Holen, F. (2020). <a href=\"https:\/\/doi.org\/10.1177\/2516103220915624\" target=\"_blank\" rel=\"noopener\">Attachment in family foster care: Literature review of associated characteristics<\/a>. <em>Developmental Child Welfare<\/em>, <em>2<\/em>(2), 132-150.<\/p>\n<p><!-- \/wp:paragraph --><!-- wp:paragraph {\"className\":\"note\"} --><\/p>\n<p class=\"note\">6 Fong, K. (2020). <a href=\"https:\/\/www.jstor.org\/stable\/pdf\/48595835.pdf?casa_token=Jig08pFc9MAAAAAA:HqhBD01GFAvRkGlNsUnn0u-zsDktz1fE60Tg2Z9c-Lk1Am-x_Ue7vYPTgz3aCxnnQwCA5NHMWXRI8-93O297MJGwCdhhkaH0rU8m9txuLKj8Vh_GDd-P\" target=\"_blank\" rel=\"noopener\">Getting eyes in the home: Child protective services investigations and state surveillance of family life<\/a>.\u00a0<em>American Sociological Review<\/em>,\u00a0<em>85<\/em>(4), 610-638.<\/p>\n<p><!-- \/wp:paragraph --><!-- wp:paragraph {\"className\":\"note\"} --><\/p>\n<p class=\"note\">7 Grinnell Davis, C., Dunnigan, A., &amp; Stevens, B. B. (2022). <a href=\"https:\/\/www.tandfonline.com\/doi\/full\/10.1080\/15548732.2021.2022565#abstract\" target=\"_blank\" rel=\"noopener\">Indigenous-centered racial disproportionality in American foster care: a national population study<\/a>.\u00a0<em>Journal of Public Child Welfare<\/em>,\u00a0<em>17<\/em>(2), 280\u2013304. https:\/\/doi.org\/10.1080\/15548732.2021.2022565<\/p>\n<p><!-- \/wp:paragraph --><!-- wp:paragraph {\"className\":\"note\"} --><\/p>\n<p class=\"note\">8 Christie, H., Hamilton-Giachritsis, C., McGuire, R. <em>et al.<\/em>\u00a0(2023). <a href=\"https:\/\/doi.org\/10.1007\/s10826-023-02614-z\" target=\"_blank\" rel=\"noopener\">Exploring the perceived impact of parental PTSD on parents and parenting behaviours\u2014A qualitative study<\/a>.\u00a0<em>Journal of Child and Family Studies<\/em>\u00a032, 3378\u20133388.<\/p>\n<p><!-- \/wp:paragraph --><\/p>\n\n  <\/div>\n<\/div>\n\n\n<div class=\"content-section light fresh-text single wp-block-fresh-text backgrounds-and-margins-aware-block margin-top margin-bottom\">\n <div class=\"container mx-auto px-5\">\n\n \n \n <!-- The CTA is moved up next to the title when in the Head Section style -->\n \n  <div class=\"callout\"><script>\nvar gform;gform||(document.addEventListener(\"gform_main_scripts_loaded\",function(){gform.scriptsLoaded=!0}),document.addEventListener(\"gform\/theme\/scripts_loaded\",function(){gform.themeScriptsLoaded=!0}),window.addEventListener(\"DOMContentLoaded\",function(){gform.domLoaded=!0}),gform={domLoaded:!1,scriptsLoaded:!1,themeScriptsLoaded:!1,isFormEditor:()=>\"function\"==typeof InitializeEditor,callIfLoaded:function(o){return!(!gform.domLoaded||!gform.scriptsLoaded||!gform.themeScriptsLoaded&&!gform.isFormEditor()||(gform.isFormEditor()&&console.warn(\"The use of gform.initializeOnLoaded() is deprecated in the form editor context and will be removed in Gravity Forms 3.1.\"),o(),0))},initializeOnLoaded:function(o){gform.callIfLoaded(o)||(document.addEventListener(\"gform_main_scripts_loaded\",()=>{gform.scriptsLoaded=!0,gform.callIfLoaded(o)}),document.addEventListener(\"gform\/theme\/scripts_loaded\",()=>{gform.themeScriptsLoaded=!0,gform.callIfLoaded(o)}),window.addEventListener(\"DOMContentLoaded\",()=>{gform.domLoaded=!0,gform.callIfLoaded(o)}))},hooks:{action:{},filter:{}},addAction:function(o,r,e,t){gform.addHook(\"action\",o,r,e,t)},addFilter:function(o,r,e,t){gform.addHook(\"filter\",o,r,e,t)},doAction:function(o){gform.doHook(\"action\",o,arguments)},applyFilters:function(o){return gform.doHook(\"filter\",o,arguments)},removeAction:function(o,r){gform.removeHook(\"action\",o,r)},removeFilter:function(o,r,e){gform.removeHook(\"filter\",o,r,e)},addHook:function(o,r,e,t,n){null==gform.hooks[o][r]&&(gform.hooks[o][r]=[]);var d=gform.hooks[o][r];null==n&&(n=r+\"_\"+d.length),gform.hooks[o][r].push({tag:n,callable:e,priority:t=null==t?10:t})},doHook:function(r,o,e){var t;if(e=Array.prototype.slice.call(e,1),null!=gform.hooks[r][o]&&((o=gform.hooks[r][o]).sort(function(o,r){return o.priority-r.priority}),o.forEach(function(o){\"function\"!=typeof(t=o.callable)&&(t=window[t]),\"action\"==r?t.apply(null,e):e[0]=t.apply(null,e)})),\"filter\"==r)return e[0]},removeHook:function(o,r,t,n){var e;null!=gform.hooks[o][r]&&(e=(e=gform.hooks[o][r]).filter(function(o,r,e){return!!(null!=n&&n!=o.tag||null!=t&&t!=o.priority)}),gform.hooks[o][r]=e)}});\n<\/script>\n\n                <div class='gf_browser_gecko gform_wrapper gform_legacy_markup_wrapper gform-theme--no-framework' data-form-theme='legacy' data-form-index='0' id='gform_wrapper_5' style='display:none'><div id='gf_5' class='gform_anchor' tabindex='-1'><\/div><form method='post' enctype='multipart\/form-data' target='gform_ajax_frame_5' id='gform_5'  action='\/es\/wp-json\/wp\/v2\/posts\/32200#gf_5' data-formid='5' novalidate>\n                        <div class='gform-body gform_body'><ul id='gform_fields_5' class='gform_fields top_label form_sublabel_below description_below validation_below'><li id=\"field_5_11\" class=\"gfield gfield--type-honeypot gform_validation_container field_sublabel_below gfield--has-description field_description_below field_validation_below gfield_visibility_visible\"  ><label class='gfield_label gform-field-label' for='input_5_11'><span class='gform-field-label__text'>Email<\/span><\/label><div class='ginput_container'><input name='input_11' id='input_5_11' type='text' value='' autocomplete='new-password'\/><\/div><div class='gfield_description' id='gfield_description_5_11'>This field is for validation purposes and should be left unchanged.<\/div><\/li><li id=\"field_5_1\" class=\"gfield gfield--type-radio gfield--type-choice field_sublabel_below gfield--has-description field_description_above hidden_label field_validation_below gfield_visibility_visible gfield--choice-align-vertical\"  ><label class='gfield_label gform-field-label' ><span class='gform-field-label__text'>Was this page useful?<\/span><\/label><div class='gfield_description' id='gfield_description_5_1'><h5>Was this page useful?<\/h5><\/div><div class='ginput_container ginput_container_radio'><ul class='gfield_radio' id='input_5_1'>\n\t\t\t<li class='gchoice gchoice_5_1_0'>\n\t\t\t\t<input name='input_1' type='radio' value='Yes'  id='choice_5_1_0'    \/>\n\t\t\t\t<label for='choice_5_1_0' id='label_5_1_0' class='gform-field-label gform-field-label--type-inline'>Yes<\/label>\n\t\t\t<\/li>\n\t\t\t<li class='gchoice gchoice_5_1_1'>\n\t\t\t\t<input name='input_1' type='radio' value='No'  id='choice_5_1_1'    \/>\n\t\t\t\t<label for='choice_5_1_1' id='label_5_1_1' class='gform-field-label gform-field-label--type-inline'>No<\/label>\n\t\t\t<\/li><\/ul><\/div><\/li><li id=\"field_5_2\" class=\"gfield gfield--type-textarea field_sublabel_below gfield--has-description field_description_above hidden_label field_validation_below gfield_visibility_visible\"  ><label class='gfield_label gform-field-label' for='input_5_2'><span class='gform-field-label__text'>What can we do to improve it?<\/span><\/label><div class='gfield_description' id='gfield_description_5_2'><h5>What can we do to improve it?<\/h5><\/div><div class='ginput_container ginput_container_textarea'><textarea name='input_2' id='input_5_2' class='textarea medium'  aria-describedby=\"gfield_description_5_2\"    aria-invalid=\"false\"   rows='10' cols='50'><\/textarea><\/div><\/li><li id=\"field_5_3\" class=\"gfield gfield--type-textarea field_sublabel_below gfield--has-description field_description_above hidden_label field_validation_below gfield_visibility_visible\"  ><label class='gfield_label gform-field-label' for='input_5_3'><span class='gform-field-label__text'>What did you like about it?<\/span><\/label><div class='gfield_description' id='gfield_description_5_3'><h5>What did you like about it?<\/h5><\/div><div class='ginput_container ginput_container_textarea'><textarea name='input_3' id='input_5_3' class='textarea medium'  aria-describedby=\"gfield_description_5_3\"    aria-invalid=\"false\"   rows='10' cols='50'><\/textarea><\/div><\/li><li id=\"field_5_4\" class=\"gfield gfield--type-radio gfield--type-choice gfield--width-full field_sublabel_below gfield--has-description field_description_above hidden_label field_validation_below gfield_visibility_visible gfield--choice-align-vertical\"  ><label class='gfield_label gform-field-label' ><span class='gform-field-label__text'>Are you willing to tell us your role\/affiliation so we can learn more about our readers?<\/span><\/label><div class='gfield_description' id='gfield_description_5_4'><h5> Are you willing to tell us your role\/affiliation so we can learn more about our readers?<\/h5><\/div><div class='ginput_container ginput_container_radio'><ul class='gfield_radio' id='input_5_4'>\n\t\t\t<li class='gchoice gchoice_5_4_0'>\n\t\t\t\t<input name='input_4' type='radio' value='Yes'  id='choice_5_4_0'    \/>\n\t\t\t\t<label for='choice_5_4_0' id='label_5_4_0' class='gform-field-label gform-field-label--type-inline'>Yes<\/label>\n\t\t\t<\/li>\n\t\t\t<li class='gchoice gchoice_5_4_1'>\n\t\t\t\t<input name='input_4' type='radio' value='No'  id='choice_5_4_1'    \/>\n\t\t\t\t<label for='choice_5_4_1' id='label_5_4_1' class='gform-field-label gform-field-label--type-inline'>No<\/label>\n\t\t\t<\/li><\/ul><\/div><\/li><li id=\"field_5_9\" class=\"gfield gfield--type-radio gfield--type-choice gfield--width-full field_sublabel_below gfield--has-description field_description_above hidden_label field_validation_below gfield_visibility_visible gfield--choice-align-vertical\"  ><label class='gfield_label gform-field-label' ><span class='gform-field-label__text'>Select which best describes your role\/affiliation<\/span><\/label><div class='gfield_description' id='gfield_description_5_9'><h5>Select which best describes your role\/affiliation<\/h5><\/div><div class='ginput_container ginput_container_radio'><ul class='gfield_radio' id='input_5_9'>\n\t\t\t<li class='gchoice gchoice_5_9_0'>\n\t\t\t\t<input name='input_9' type='radio' value='Staff at a child welfare agency or provider organization'  id='choice_5_9_0'    \/>\n\t\t\t\t<label for='choice_5_9_0' id='label_5_9_0' class='gform-field-label gform-field-label--type-inline'>Staff at a child welfare agency or provider organization<\/label>\n\t\t\t<\/li>\n\t\t\t<li class='gchoice gchoice_5_9_1'>\n\t\t\t\t<input name='input_9' type='radio' value='Staff at an Indian Child Welfare agency'  id='choice_5_9_1'    \/>\n\t\t\t\t<label for='choice_5_9_1' id='label_5_9_1' class='gform-field-label gform-field-label--type-inline'>Staff at an Indian Child Welfare agency<\/label>\n\t\t\t<\/li>\n\t\t\t<li class='gchoice gchoice_5_9_2'>\n\t\t\t\t<input name='input_9' type='radio' value='Staff at a community, neighborhood, or other non-profit organization'  id='choice_5_9_2'    \/>\n\t\t\t\t<label for='choice_5_9_2' id='label_5_9_2' class='gform-field-label gform-field-label--type-inline'>Staff at a community, neighborhood, or other non-profit organization<\/label>\n\t\t\t<\/li>\n\t\t\t<li class='gchoice gchoice_5_9_3'>\n\t\t\t\t<input name='input_9' type='radio' value='Staff at a philanthropic or private foundation'  id='choice_5_9_3'    \/>\n\t\t\t\t<label for='choice_5_9_3' id='label_5_9_3' class='gform-field-label gform-field-label--type-inline'>Staff at a philanthropic or private foundation<\/label>\n\t\t\t<\/li>\n\t\t\t<li class='gchoice gchoice_5_9_4'>\n\t\t\t\t<input name='input_9' type='radio' value='Staff in a child welfare &quot;adjacent&quot; field (e.g., education, health care, criminal justice, etc.)'  id='choice_5_9_4'    \/>\n\t\t\t\t<label for='choice_5_9_4' id='label_5_9_4' class='gform-field-label gform-field-label--type-inline'>Staff in a child welfare &#8220;adjacent&#8221; field (e.g., education, health care, criminal justice, etc.)<\/label>\n\t\t\t<\/li>\n\t\t\t<li class='gchoice gchoice_5_9_5'>\n\t\t\t\t<input name='input_9' type='radio' value='Court personnel (e.g., Judge, attorney, etc.)'  id='choice_5_9_5'    \/>\n\t\t\t\t<label for='choice_5_9_5' id='label_5_9_5' class='gform-field-label gform-field-label--type-inline'>Court personnel (e.g., Judge, attorney, etc.)<\/label>\n\t\t\t<\/li>\n\t\t\t<li class='gchoice gchoice_5_9_6'>\n\t\t\t\t<input name='input_9' type='radio' value='Policymaker or legislative staffer'  id='choice_5_9_6'    \/>\n\t\t\t\t<label for='choice_5_9_6' id='label_5_9_6' class='gform-field-label gform-field-label--type-inline'>Policymaker or legislative staffer<\/label>\n\t\t\t<\/li>\n\t\t\t<li class='gchoice gchoice_5_9_7'>\n\t\t\t\t<input name='input_9' type='radio' value='Person who is directly involved with the child welfare system (e.g., parent, grandparent, foster\/resource parent, youth in care, etc.)'  id='choice_5_9_7'    \/>\n\t\t\t\t<label for='choice_5_9_7' id='label_5_9_7' class='gform-field-label gform-field-label--type-inline'>Person who is directly involved with the child welfare system (e.g., parent, grandparent, foster\/resource parent, youth in care, etc.)<\/label>\n\t\t\t<\/li>\n\t\t\t<li class='gchoice gchoice_5_9_8'>\n\t\t\t\t<input name='input_9' type='radio' value='Other'  id='choice_5_9_8'    \/>\n\t\t\t\t<label for='choice_5_9_8' id='label_5_9_8' class='gform-field-label gform-field-label--type-inline'>Other<\/label>\n\t\t\t<\/li><\/ul><\/div><\/li><li id=\"field_5_8\" class=\"gfield gfield--type-radio gfield--type-choice gfield--width-full field_sublabel_below gfield--has-description field_description_above hidden_label field_validation_below gfield_visibility_visible gfield--choice-align-vertical\"  ><label class='gfield_label gform-field-label' ><span class='gform-field-label__text'>Are you in<\/span><\/label><div class='gfield_description' id='gfield_description_5_8'><h5>Are you in<\/h5><\/div><div class='ginput_container ginput_container_radio'><ul class='gfield_radio' id='input_5_8'>\n\t\t\t<li class='gchoice gchoice_5_8_0'>\n\t\t\t\t<input name='input_8' type='radio' value='direct practice'  id='choice_5_8_0'    \/>\n\t\t\t\t<label for='choice_5_8_0' id='label_5_8_0' class='gform-field-label gform-field-label--type-inline'>direct practice<\/label>\n\t\t\t<\/li>\n\t\t\t<li class='gchoice gchoice_5_8_1'>\n\t\t\t\t<input name='input_8' type='radio' value='senior leadership'  id='choice_5_8_1'    \/>\n\t\t\t\t<label for='choice_5_8_1' id='label_5_8_1' class='gform-field-label gform-field-label--type-inline'>senior leadership<\/label>\n\t\t\t<\/li>\n\t\t\t<li class='gchoice gchoice_5_8_2'>\n\t\t\t\t<input name='input_8' type='radio' value='Other'  id='choice_5_8_2'    \/>\n\t\t\t\t<label for='choice_5_8_2' id='label_5_8_2' class='gform-field-label gform-field-label--type-inline'>Other<\/label>\n\t\t\t<\/li><\/ul><\/div><\/li><li id=\"field_5_10\" class=\"gfield gfield--type-text gfield--width-full field_sublabel_below gfield--has-description field_description_above hidden_label field_validation_below gfield_visibility_visible\"  ><label class='gfield_label gform-field-label' for='input_5_10'><span class='gform-field-label__text'>My role\/affiliation is<\/span><\/label><div class='gfield_description' id='gfield_description_5_10'><h5>My role\/affiliation is<\/h5><\/div><div class='ginput_container ginput_container_text'><input name='input_10' id='input_5_10' type='text' value='' class='large'  aria-describedby=\"gfield_description_5_10\"    aria-invalid=\"false\"   \/><\/div><\/li><\/ul><\/div>\n        <div class='gform-footer gform_footer top_label'> <button type='submit' id='gform_submit_button_5' class='gform_button button' onclick='gform.submission.handleButtonClick(this);' data-submission-type='submit' >Submit<\/button> <input type='hidden' name='gform_ajax' value='form_id=5&amp;title=&amp;description=&amp;tabindex=0&amp;theme=legacy&amp;styles=[]&amp;hash=5bca2e210debe6f2e4848e7ed06ed207' \/>\n            <input type='hidden' class='gform_hidden' name='gform_submission_method' data-js='gform_submission_method_5' value='iframe' \/>\n            <input type='hidden' class='gform_hidden' name='gform_theme' data-js='gform_theme_5' id='gform_theme_5' value='legacy' \/>\n            <input type='hidden' class='gform_hidden' name='gform_style_settings' data-js='gform_style_settings_5' id='gform_style_settings_5' value='[]' \/>\n            <input type='hidden' class='gform_hidden' name='is_submit_5' value='1' \/>\n            <input type='hidden' class='gform_hidden' name='gform_submit' value='5' \/>\n            \n            <input type='hidden' class='gform_hidden' name='gform_currency' data-currency='USD' value='BBmBf73Fr2jjbSzT+ksrqtPv7ZIYMkix2n6kPERfhQCXWxQZ1YcP6wr4PzAYKsWDGB7+dlf+H3pBwCVoqJKWqz79Yrq2Yae\/6YSelHIWDTrOnTU=' \/>\n            <input type='hidden' class='gform_hidden' name='gform_unique_id' value='' \/>\n            <input type='hidden' class='gform_hidden' name='state_5' value='WyJ7XCI0XCI6W1wiZDFjNTk0ZjNmNWY4ODY0MDM5NWU2ZWVhZjgyYmI5NzBcIixcImUzNTBjNGZjZjc4MGJjN2E0ZjQ4NzcwNjJlNzcwMDg0XCJdLFwiOVwiOltcImY3MzA1YmJmZjc4ZjBkNTFhZmEyNDVlNDZhNzg5OTJlXCIsXCJiZDUxMTE2Y2IzNzg5MWNjY2RlNmEyNDUxODM0NjRhM1wiLFwiM2NiNmJkNTMwMTRlNjY4ZjM5NjU3NGMyMjQ2Yzg3NzdcIixcIjc5MmEyMWM2MzcyYmI0ODU0ZmY2NThjZWQ1YjI0MDE5XCIsXCI3NGEyNmUwZjAxMzRmMGZkNTQ5ZDZkYjI1ZjBiMjYzZlwiLFwiYTE3MGJkMzdjYTQ1YWE5MjYxMzJkY2JhOGM3MjI0MTFcIixcImRkOGQ5ZTRmOWMzYzM3ZGNiMGIzNmNkOTU4NDJlY2Y1XCIsXCIyMzk0MzMxMzQyZGNhNTIyZjlmMTRkY2UzY2VlOGE1OFwiLFwiY2U1NTk0YTQ0ZDgzMzlhYTMyMTVmNzAyZDc4NWZmNTdcIl0sXCI4XCI6W1wiYTRhZDZjYmI1NjhmNTI0NTNkNjNiNzRkOGQyZDU4ZjRcIixcImNmMDY1NGE5OWI4MmU2NDJkNjQ0MDkwNWFjNGI4NjJlXCIsXCJjZTU1OTRhNDRkODMzOWFhMzIxNWY3MDJkNzg1ZmY1N1wiXSxcImdmb3JtX3N1Ym1pc3Npb25fbWV0aG9kXCI6W1wiM2VmOWFiMDZjYzU1NjA4NmZlYjViYTEzZjMzZDA2ODNcIixcIjIwNjE3Yjk0NjQwMjgwNzlmOTNkYzIyN2E0NmExMzgwXCIsXCI0MzBhNTBhYThmMTJkZWIwYzRlMTJhNzc3MWE2MzFkZVwiXSxcImdmb3JtX3RoZW1lXCI6XCJiNDdkZTVkMTc0NWNhY2JmYTRlNTk5ZTA4YTFlYThhZVwiLFwiZ2Zvcm1fc3R5bGVfc2V0dGluZ3NcIjpcImNmZWFjYzFlMWU1MTZjNDY3YmI2ODNhYWYyZWQyODQwXCIsXCJmb3JtX2lkXCI6XCJhN2QzZjRlMzk3M2E2Zjk0MTg4MWQ4MWIwY2FhNWQ2YlwiLFwidXJsXCI6XCI1MmUzNzM4NjU5MzMyNzkwYjA2MGI4NGZmY2RjMDdlNlwiLFwic3RhdGVfdGltZXN0YW1wXCI6XCJmOGI0ZWNlNTZmZTdmOTg1ODYyOGI4MmUyZDFmMWEyYlwifSIsImJlY2E1ZThmMGM5MTFmOTIwZjY2ZGM3OWM4NjU5MDM3IiwxNzg4Njc5MDcwXQ==' \/>\n            <input type='hidden' autocomplete='off' class='gform_hidden' name='gform_target_page_number_5' id='gform_target_page_number_5' value='0' \/>\n            <input type='hidden' autocomplete='off' class='gform_hidden' name='gform_source_page_number_5' id='gform_source_page_number_5' value='1' \/>\n            <input type='hidden' name='gform_field_values' value='' \/>\n            \n        <\/div>\n                        <\/form>\n                        <\/div>\n\t\t                <iframe style='display:none;width:0px;height:0px;' src='about:blank' name='gform_ajax_frame_5' id='gform_ajax_frame_5' title='This iframe contains the logic required to handle Ajax powered Gravity Forms.'><\/iframe>\n\t\t                <script>\ngform.initializeOnLoaded( function() {jQuery('#gform_ajax_frame_5').on('load',function(){var contents = jQuery(this).contents().find('*').html();var is_postback = contents.indexOf('GF_AJAX_POSTBACK') >= 0;if(!is_postback){return;}var form_content = jQuery(this).contents().find('#gform_wrapper_5');var is_confirmation = jQuery(this).contents().find('#gform_confirmation_wrapper_5').length > 0;var is_redirect = contents.indexOf('gformRedirect(){') >= 0;var is_form = form_content.length > 0 && ! is_redirect && ! is_confirmation;var mt = parseInt(jQuery('html').css('margin-top'), 10) + parseInt(jQuery('body').css('margin-top'), 10) + 100;if(is_form){form_content.find('form').css('opacity', 0);jQuery('#gform_wrapper_5').html(form_content.html());if(form_content.hasClass('gform_validation_error')){jQuery('#gform_wrapper_5').addClass('gform_validation_error');} else {jQuery('#gform_wrapper_5').removeClass('gform_validation_error');}setTimeout( function() { \/* delay the scroll by 50 milliseconds to fix a bug in chrome *\/ jQuery(document).scrollTop(jQuery('#gform_wrapper_5').offset().top - mt); }, 50 );var current_page = jQuery('#gform_source_page_number_5').val();jQuery(document).trigger('gform_page_loaded', [5, current_page]);window['gf_submitting_5'] = false;}else if(!is_redirect){var confirmation_content = jQuery(this).contents().find('.GF_AJAX_POSTBACK').html();if(!confirmation_content){confirmation_content = contents;}jQuery('#gform_wrapper_5').replaceWith(confirmation_content);jQuery(document).scrollTop(jQuery('#gf_5').offset().top - mt);jQuery(document).trigger('gform_confirmation_loaded', [5]);window['gf_submitting_5'] = false;wp.a11y.speak(jQuery('#gform_confirmation_message_5').text());}else{jQuery('#gform_5').append(contents);if(window['gformRedirect']) {gformRedirect();}}jQuery(document).trigger(\"gform_pre_post_render\", [{ formId: \"5\", currentPage: \"current_page\", abort: function() { this.preventDefault(); } }]);        if (event && event.defaultPrevented) {                return;        }        const gformWrapperDiv = document.getElementById( \"gform_wrapper_5\" );        if ( gformWrapperDiv ) {            const visibilitySpan = document.createElement( \"span\" );            visibilitySpan.id = \"gform_visibility_test_5\";            gformWrapperDiv.insertAdjacentElement( \"afterend\", visibilitySpan );        }        const visibilityTestDiv = document.getElementById( \"gform_visibility_test_5\" );        let postRenderFired = false;        function triggerPostRender() {            if ( postRenderFired ) {                return;            }            postRenderFired = true;            gform.core.triggerPostRenderEvents( 5, current_page );            if ( visibilityTestDiv ) {                visibilityTestDiv.parentNode.removeChild( visibilityTestDiv );            }        }        function debounce( func, wait, immediate ) {            var timeout;            return function() {                var context = this, args = arguments;                var later = function() {                    timeout = null;                    if ( !immediate ) func.apply( context, args );                };                var callNow = immediate && !timeout;                clearTimeout( timeout );                timeout = setTimeout( later, wait );                if ( callNow ) func.apply( context, args );            };        }        const debouncedTriggerPostRender = debounce( function() {            triggerPostRender();        }, 200 );        if ( visibilityTestDiv && visibilityTestDiv.offsetParent === null ) {            const observer = new MutationObserver( ( mutations ) => {                mutations.forEach( ( mutation ) => {                    if ( mutation.type === 'attributes' && visibilityTestDiv.offsetParent !== null ) {                        debouncedTriggerPostRender();                        observer.disconnect();                    }                });            });            observer.observe( document.body, {                attributes: true,                childList: false,                subtree: true,                attributeFilter: [ 'style', 'class' ],            });        } else {            triggerPostRender();        }    } );} );\n<\/script>\n\n<\/div>\n \n \n <!-- conversly to above, we need to not show the CTA here if it's the Head Section style -->\n  <\/div>\n<\/div>\n","protected":false},"excerpt":{"rendered":"<p>Las acciones en torno a las investigaciones de protecci\u00f3n infantil, los retiros y las colocaciones tienen efectos traum\u00e1ticos en los ni\u00f1os, los padres y los cuidadores.<\/p>","protected":false},"author":18,"featured_media":34006,"comment_status":"closed","ping_status":"closed","sticky":false,"template":"","format":"standard","meta":{"_acf_changed":true,"_searchwp_excluded":"","footnotes":"","_members_access_role":[],"_members_access_error":""},"categories":[281,266],"content_type":[205],"hidden-tags-misc":[],"audience":[317,328,498],"content_location":[329],"topic":[407,430,501,465,466],"class_list":["post-32200","post","type-post","status-publish","format-standard","has-post-thumbnail","hentry","category-health-and-well-being","category-safely-reduce-need-for-foster-care-across-nation","content_type-brief","audience-child-welfare-leader","audience-resource-foster-parent","audience-social-worker-direct-practitioner","content_location-national","topic-birth-family-engagement","topic-guardian","topic-questions-from-the-field","topic-trauma-informed","topic-workforce-and-organizational-practice"],"acf":[],"yoast_head":"<!-- This site is optimized with the Yoast SEO Premium plugin v28.4 (Yoast SEO v28.4) - https:\/\/yoast.com\/product\/yoast-seo-premium-wordpress\/ -->\n<title>Causes of Trauma \u2013 Casey Family Programs<\/title>\n<meta name=\"description\" content=\"Actions around child protection investigations, removals, and placements have traumatic effects on children, parents, and caregivers.\" \/>\n<meta name=\"robots\" content=\"noindex, nofollow\" \/>\n<meta property=\"og:locale\" content=\"es_MX\" \/>\n<meta property=\"og:type\" content=\"article\" \/>\n<meta property=\"og:title\" content=\"How do investigation, removal, and placement cause trauma for families?\" \/>\n<meta property=\"og:description\" content=\"Child protection investigations, removals, and placements have traumatic effects on children, parents, and caregivers. This brief provides an overview of the traumatic impacts of CPS interventions\" \/>\n<meta property=\"og:url\" content=\"https:\/\/www.casey.org\/es\/impactos-traumaticos\/\" \/>\n<meta property=\"og:site_name\" content=\"Casey Family Programs\" \/>\n<meta property=\"article:published_time\" content=\"2025-03-07T18:05:40+00:00\" \/>\n<meta property=\"article:modified_time\" content=\"2026-06-24T23:11:05+00:00\" \/>\n<meta property=\"og:image\" content=\"https:\/\/www.casey.org\/wp-content\/uploads\/2025\/03\/25.07-QFF-SC-Investigation-Removal-Placement-cause-trauma-SM-scaled-1-scaled.jpg\" \/>\n\t<meta property=\"og:image:width\" content=\"5000\" \/>\n\t<meta property=\"og:image:height\" content=\"2617\" \/>\n\t<meta property=\"og:image:type\" content=\"image\/jpeg\" \/>\n<meta name=\"author\" content=\"Scott Brown\" \/>\n<meta name=\"twitter:card\" content=\"summary_large_image\" \/>\n<meta name=\"twitter:image\" content=\"https:\/\/www.casey.org\/media\/SC_Twitter_Header.jpg\" \/>\n<meta name=\"twitter:label1\" content=\"Written by\" \/>\n\t<meta name=\"twitter:data1\" content=\"Scott Brown\" \/>\n\t<meta name=\"twitter:label2\" content=\"Est. reading time\" \/>\n\t<meta name=\"twitter:data2\" content=\"1 minuto\" \/>\n<script type=\"application\/ld+json\" class=\"yoast-schema-graph\">{\"@context\":\"https:\\\/\\\/schema.org\",\"@graph\":[{\"@type\":\"Article\",\"@id\":\"https:\\\/\\\/www.casey.org\\\/traumatic-impacts\\\/#article\",\"isPartOf\":{\"@id\":\"https:\\\/\\\/www.casey.org\\\/traumatic-impacts\\\/\"},\"author\":{\"name\":\"Scott Brown\",\"@id\":\"https:\\\/\\\/www.casey.org\\\/#\\\/schema\\\/person\\\/277402869a8f7ae40f29a909eee4a2cb\"},\"headline\":\"How do investigation, removal, and placement cause trauma for families?\",\"datePublished\":\"2025-03-07T18:05:40+00:00\",\"dateModified\":\"2026-06-24T23:11:05+00:00\",\"mainEntityOfPage\":{\"@id\":\"https:\\\/\\\/www.casey.org\\\/traumatic-impacts\\\/\"},\"wordCount\":10,\"image\":{\"@id\":\"https:\\\/\\\/www.casey.org\\\/traumatic-impacts\\\/#primaryimage\"},\"thumbnailUrl\":\"https:\\\/\\\/www.casey.org\\\/wp-content\\\/uploads\\\/2025\\\/03\\\/iStock-489587887-scaled-e1765828550661.jpg\",\"keywords\":[\"Child safety\",\"Mental health\",\"Trauma-informed\"],\"articleSection\":[\"Health and well-being\",\"Safely reduce the need for foster care across the nation\"],\"inLanguage\":\"es\"},{\"@type\":\"WebPage\",\"@id\":\"https:\\\/\\\/www.casey.org\\\/traumatic-impacts\\\/\",\"url\":\"https:\\\/\\\/www.casey.org\\\/traumatic-impacts\\\/\",\"name\":\"Causes of Trauma \u2013 Casey Family Programs\",\"isPartOf\":{\"@id\":\"https:\\\/\\\/www.casey.org\\\/#website\"},\"primaryImageOfPage\":{\"@id\":\"https:\\\/\\\/www.casey.org\\\/traumatic-impacts\\\/#primaryimage\"},\"image\":{\"@id\":\"https:\\\/\\\/www.casey.org\\\/traumatic-impacts\\\/#primaryimage\"},\"thumbnailUrl\":\"https:\\\/\\\/www.casey.org\\\/wp-content\\\/uploads\\\/2025\\\/03\\\/iStock-489587887-scaled-e1765828550661.jpg\",\"datePublished\":\"2025-03-07T18:05:40+00:00\",\"dateModified\":\"2026-06-24T23:11:05+00:00\",\"author\":{\"@id\":\"https:\\\/\\\/www.casey.org\\\/#\\\/schema\\\/person\\\/277402869a8f7ae40f29a909eee4a2cb\"},\"description\":\"Actions around child protection investigations, removals, and placements have traumatic effects on children, parents, and caregivers.\",\"breadcrumb\":{\"@id\":\"https:\\\/\\\/www.casey.org\\\/traumatic-impacts\\\/#breadcrumb\"},\"inLanguage\":\"es\",\"potentialAction\":[{\"@type\":\"ReadAction\",\"target\":[\"https:\\\/\\\/www.casey.org\\\/traumatic-impacts\\\/\"]}]},{\"@type\":\"ImageObject\",\"inLanguage\":\"es\",\"@id\":\"https:\\\/\\\/www.casey.org\\\/traumatic-impacts\\\/#primaryimage\",\"url\":\"https:\\\/\\\/www.casey.org\\\/wp-content\\\/uploads\\\/2025\\\/03\\\/iStock-489587887-scaled-e1765828550661.jpg\",\"contentUrl\":\"https:\\\/\\\/www.casey.org\\\/wp-content\\\/uploads\\\/2025\\\/03\\\/iStock-489587887-scaled-e1765828550661.jpg\",\"width\":1200,\"height\":628,\"caption\":\"Group Of Girls Hanging Out In Mall Together Smiling And laughing To Camera\"},{\"@type\":\"BreadcrumbList\",\"@id\":\"https:\\\/\\\/www.casey.org\\\/traumatic-impacts\\\/#breadcrumb\",\"itemListElement\":[{\"@type\":\"ListItem\",\"position\":1,\"name\":\"Home\",\"item\":\"https:\\\/\\\/www.casey.org\\\/\"},{\"@type\":\"ListItem\",\"position\":2,\"name\":\"How do investigation, removal, and placement cause trauma for families?\"}]},{\"@type\":\"WebSite\",\"@id\":\"https:\\\/\\\/www.casey.org\\\/#website\",\"url\":\"https:\\\/\\\/www.casey.org\\\/\",\"name\":\"Casey Family Programs\",\"description\":\"Safe Children, Strong Families, Supportive Communities\",\"potentialAction\":[{\"@type\":\"SearchAction\",\"target\":{\"@type\":\"EntryPoint\",\"urlTemplate\":\"https:\\\/\\\/www.casey.org\\\/?s={search_term_string}\"},\"query-input\":{\"@type\":\"PropertyValueSpecification\",\"valueRequired\":true,\"valueName\":\"search_term_string\"}}],\"inLanguage\":\"es\"},{\"@type\":\"Person\",\"@id\":\"https:\\\/\\\/www.casey.org\\\/#\\\/schema\\\/person\\\/277402869a8f7ae40f29a909eee4a2cb\",\"name\":\"Scott Brown\",\"image\":{\"@type\":\"ImageObject\",\"inLanguage\":\"es\",\"@id\":\"https:\\\/\\\/secure.gravatar.com\\\/avatar\\\/54f92a2f06fbe6035ea3480a231badaae20ddd318774694353c849fbbe2ff471?s=96&d=mm&r=g\",\"url\":\"https:\\\/\\\/secure.gravatar.com\\\/avatar\\\/54f92a2f06fbe6035ea3480a231badaae20ddd318774694353c849fbbe2ff471?s=96&d=mm&r=g\",\"contentUrl\":\"https:\\\/\\\/secure.gravatar.com\\\/avatar\\\/54f92a2f06fbe6035ea3480a231badaae20ddd318774694353c849fbbe2ff471?s=96&d=mm&r=g\",\"caption\":\"Scott Brown\"},\"url\":\"https:\\\/\\\/www.casey.org\\\/es\\\/author\\\/sbrowncasey-org\\\/\"},{\"@type\":\"ImageObject\",\"inLanguage\":\"es\",\"@id\":\"https:\\\/\\\/www.casey.org\\\/traumatic-impacts\\\/#local-main-organization-logo\",\"url\":\"\",\"contentUrl\":\"\",\"caption\":\"Casey Family Programs\"}]}<\/script>\n<!-- \/ Yoast SEO Premium plugin. -->","yoast_head_json":{"title":"Causas del trauma \u2013 Casey Family Programs","description":"Las acciones en torno a las investigaciones de protecci\u00f3n infantil, los retiros y las colocaciones tienen efectos traum\u00e1ticos en los ni\u00f1os, los padres y los cuidadores.","robots":{"index":"noindex","follow":"nofollow"},"og_locale":"es_MX","og_type":"article","og_title":"How do investigation, removal, and placement cause trauma for families?","og_description":"Child protection investigations, removals, and placements have traumatic effects on children, parents, and caregivers. This brief provides an overview of the traumatic impacts of CPS interventions","og_url":"https:\/\/www.casey.org\/es\/impactos-traumaticos\/","og_site_name":"Casey Family Programs","article_published_time":"2025-03-07T18:05:40+00:00","article_modified_time":"2026-06-24T23:11:05+00:00","og_image":[{"width":5000,"height":2617,"url":"https:\/\/www.casey.org\/wp-content\/uploads\/2025\/03\/25.07-QFF-SC-Investigation-Removal-Placement-cause-trauma-SM-scaled-1-scaled.jpg","type":"image\/jpeg"}],"author":"Scott Brown","twitter_card":"summary_large_image","twitter_image":"https:\/\/www.casey.org\/media\/SC_Twitter_Header.jpg","twitter_misc":{"Written by":"Scott Brown","Est. reading time":"1 minuto"},"schema":{"@context":"https:\/\/schema.org","@graph":[{"@type":"Article","@id":"https:\/\/www.casey.org\/traumatic-impacts\/#article","isPartOf":{"@id":"https:\/\/www.casey.org\/traumatic-impacts\/"},"author":{"name":"Scott Brown","@id":"https:\/\/www.casey.org\/#\/schema\/person\/277402869a8f7ae40f29a909eee4a2cb"},"headline":"How do investigation, removal, and placement cause trauma for families?","datePublished":"2025-03-07T18:05:40+00:00","dateModified":"2026-06-24T23:11:05+00:00","mainEntityOfPage":{"@id":"https:\/\/www.casey.org\/traumatic-impacts\/"},"wordCount":10,"image":{"@id":"https:\/\/www.casey.org\/traumatic-impacts\/#primaryimage"},"thumbnailUrl":"https:\/\/www.casey.org\/wp-content\/uploads\/2025\/03\/iStock-489587887-scaled-e1765828550661.jpg","keywords":["Child safety","Mental health","Trauma-informed"],"articleSection":["Health and well-being","Safely reduce the need for foster care across the nation"],"inLanguage":"es"},{"@type":"WebPage","@id":"https:\/\/www.casey.org\/traumatic-impacts\/","url":"https:\/\/www.casey.org\/traumatic-impacts\/","name":"Causas del trauma \u2013 Casey Family Programs","isPartOf":{"@id":"https:\/\/www.casey.org\/#website"},"primaryImageOfPage":{"@id":"https:\/\/www.casey.org\/traumatic-impacts\/#primaryimage"},"image":{"@id":"https:\/\/www.casey.org\/traumatic-impacts\/#primaryimage"},"thumbnailUrl":"https:\/\/www.casey.org\/wp-content\/uploads\/2025\/03\/iStock-489587887-scaled-e1765828550661.jpg","datePublished":"2025-03-07T18:05:40+00:00","dateModified":"2026-06-24T23:11:05+00:00","author":{"@id":"https:\/\/www.casey.org\/#\/schema\/person\/277402869a8f7ae40f29a909eee4a2cb"},"description":"Las acciones en torno a las investigaciones de protecci\u00f3n infantil, los retiros y las colocaciones tienen efectos traum\u00e1ticos en los ni\u00f1os, los padres y los cuidadores.","breadcrumb":{"@id":"https:\/\/www.casey.org\/traumatic-impacts\/#breadcrumb"},"inLanguage":"es","potentialAction":[{"@type":"ReadAction","target":["https:\/\/www.casey.org\/traumatic-impacts\/"]}]},{"@type":"ImageObject","inLanguage":"es","@id":"https:\/\/www.casey.org\/traumatic-impacts\/#primaryimage","url":"https:\/\/www.casey.org\/wp-content\/uploads\/2025\/03\/iStock-489587887-scaled-e1765828550661.jpg","contentUrl":"https:\/\/www.casey.org\/wp-content\/uploads\/2025\/03\/iStock-489587887-scaled-e1765828550661.jpg","width":1200,"height":628,"caption":"Group Of Girls Hanging Out In Mall Together Smiling And laughing To Camera"},{"@type":"BreadcrumbList","@id":"https:\/\/www.casey.org\/traumatic-impacts\/#breadcrumb","itemListElement":[{"@type":"ListItem","position":1,"name":"Home","item":"https:\/\/www.casey.org\/"},{"@type":"ListItem","position":2,"name":"How do investigation, removal, and placement cause trauma for families?"}]},{"@type":"WebSite","@id":"https:\/\/www.casey.org\/#website","url":"https:\/\/www.casey.org\/","name":"Programas Familiares Casey","description":"Ni\u00f1os seguros, familias fuertes, comunidades solidarias","potentialAction":[{"@type":"SearchAction","target":{"@type":"EntryPoint","urlTemplate":"https:\/\/www.casey.org\/?s={search_term_string}"},"query-input":{"@type":"PropertyValueSpecification","valueRequired":true,"valueName":"search_term_string"}}],"inLanguage":"es"},{"@type":"Person","@id":"https:\/\/www.casey.org\/#\/schema\/person\/277402869a8f7ae40f29a909eee4a2cb","name":"Scott Brown","image":{"@type":"ImageObject","inLanguage":"es","@id":"https:\/\/secure.gravatar.com\/avatar\/54f92a2f06fbe6035ea3480a231badaae20ddd318774694353c849fbbe2ff471?s=96&d=mm&r=g","url":"https:\/\/secure.gravatar.com\/avatar\/54f92a2f06fbe6035ea3480a231badaae20ddd318774694353c849fbbe2ff471?s=96&d=mm&r=g","contentUrl":"https:\/\/secure.gravatar.com\/avatar\/54f92a2f06fbe6035ea3480a231badaae20ddd318774694353c849fbbe2ff471?s=96&d=mm&r=g","caption":"Scott Brown"},"url":"https:\/\/www.casey.org\/es\/author\/sbrowncasey-org\/"},{"@type":"ImageObject","inLanguage":"es","@id":"https:\/\/www.casey.org\/traumatic-impacts\/#local-main-organization-logo","url":"","contentUrl":"","caption":"Casey Family Programs"}]}},"jetpack_featured_media_url":"https:\/\/www.casey.org\/wp-content\/uploads\/2025\/03\/iStock-489587887-scaled-e1765828550661.jpg","_links":{"self":[{"href":"https:\/\/www.casey.org\/es\/wp-json\/wp\/v2\/posts\/32200","targetHints":{"allow":["GET"]}}],"collection":[{"href":"https:\/\/www.casey.org\/es\/wp-json\/wp\/v2\/posts"}],"about":[{"href":"https:\/\/www.casey.org\/es\/wp-json\/wp\/v2\/types\/post"}],"author":[{"embeddable":true,"href":"https:\/\/www.casey.org\/es\/wp-json\/wp\/v2\/users\/18"}],"replies":[{"embeddable":true,"href":"https:\/\/www.casey.org\/es\/wp-json\/wp\/v2\/comments?post=32200"}],"version-history":[{"count":0,"href":"https:\/\/www.casey.org\/es\/wp-json\/wp\/v2\/posts\/32200\/revisions"}],"wp:featuredmedia":[{"embeddable":true,"href":"https:\/\/www.casey.org\/es\/wp-json\/wp\/v2\/media\/34006"}],"wp:attachment":[{"href":"https:\/\/www.casey.org\/es\/wp-json\/wp\/v2\/media?parent=32200"}],"wp:term":[{"taxonomy":"category","embeddable":true,"href":"https:\/\/www.casey.org\/es\/wp-json\/wp\/v2\/categories?post=32200"},{"taxonomy":"content_type","embeddable":true,"href":"https:\/\/www.casey.org\/es\/wp-json\/wp\/v2\/content_type?post=32200"},{"taxonomy":"hidden-tags-misc","embeddable":true,"href":"https:\/\/www.casey.org\/es\/wp-json\/wp\/v2\/hidden-tags-misc?post=32200"},{"taxonomy":"audience","embeddable":true,"href":"https:\/\/www.casey.org\/es\/wp-json\/wp\/v2\/audience?post=32200"},{"taxonomy":"content_location","embeddable":true,"href":"https:\/\/www.casey.org\/es\/wp-json\/wp\/v2\/content_location?post=32200"},{"taxonomy":"topic","embeddable":true,"href":"https:\/\/www.casey.org\/es\/wp-json\/wp\/v2\/topic?post=32200"}],"curies":[{"name":"wp","href":"https:\/\/api.w.org\/{rel}","templated":true}]}}