{"id":32228,"date":"2025-05-05T16:29:59","date_gmt":"2025-05-05T16:29:59","guid":{"rendered":"https:\/\/caseyfamilyv2.wpengine.com\/melissa-shields-appointment\/"},"modified":"2026-05-18T21:53:27","modified_gmt":"2026-05-18T21:53:27","slug":"cita-de-melissa-shields","status":"publish","type":"post","link":"https:\/\/www.casey.org\/es\/melissa-shields-appointment\/","title":{"rendered":"Casey Family Programs anuncia nuevo vicepresidente de Recursos Humanos y Comunicaciones"},"content":{"rendered":"<div class=\"wp-block-group container mx-auto px-5\"><div class=\"wp-block-group__inner-container is-layout-constrained wp-block-group-is-layout-constrained\">\n<div style=\"height:48px\" aria-hidden=\"true\" class=\"wp-block-spacer\"><\/div>\n\n\n<div class=\"wp-block-image mt-5\">\n<figure class=\"alignright size-full is-resized\"><img loading=\"lazy\" decoding=\"async\" width=\"2120\" height=\"2119\" src=\"https:\/\/www.casey.org\/wp-content\/uploads\/2025\/05\/Melissa-Shields-one-by-one.jpg\" alt=\"Melissa Shields, vicepresidenta ejecutiva de Comunicaciones, Recursos Humanos y Desarrollo Organizacional de Casey&#039;s\" class=\"wp-image-34108\" style=\"width:275px;height:auto\" srcset=\"https:\/\/www.casey.org\/wp-content\/uploads\/2025\/05\/Melissa-Shields-one-by-one.jpg 2120w, https:\/\/www.casey.org\/wp-content\/uploads\/2025\/05\/Melissa-Shields-one-by-one-300x300.jpg 300w, https:\/\/www.casey.org\/wp-content\/uploads\/2025\/05\/Melissa-Shields-one-by-one-1024x1024.jpg 1024w, https:\/\/www.casey.org\/wp-content\/uploads\/2025\/05\/Melissa-Shields-one-by-one-150x150.jpg 150w, https:\/\/www.casey.org\/wp-content\/uploads\/2025\/05\/Melissa-Shields-one-by-one-768x768.jpg 768w, https:\/\/www.casey.org\/wp-content\/uploads\/2025\/05\/Melissa-Shields-one-by-one-1536x1536.jpg 1536w, https:\/\/www.casey.org\/wp-content\/uploads\/2025\/05\/Melissa-Shields-one-by-one-2048x2048.jpg 2048w, https:\/\/www.casey.org\/wp-content\/uploads\/2025\/05\/Melissa-Shields-one-by-one-12x12.jpg 12w\" sizes=\"auto, (max-width: 2120px) 100vw, 2120px\" \/><figcaption class=\"wp-element-caption\"><p class=\"has-small-font-size text-center\"><em>Melissa Shields<\/em><\/p><\/figcaption><\/figure>\n<\/div><\/div><\/div>\n\n\n<div class=\"content-section light fresh-text single wp-block-fresh-text backgrounds-and-margins-aware-block margin-bottom\">\n <div class=\"container mx-auto px-5\">\n\n \n \n <!-- The CTA is moved up next to the title when in the Head Section style -->\n \n  <div class=\"callout\"><p>Melissa Shields, una l\u00edder de larga trayectoria en Casey Family Programs, ha sido nombrada vicepresidenta ejecutiva de Comunicaciones, Recursos Humanos y Desarrollo Organizacional.<\/p>\n<p>Shields ha estado en Casey Family Programs durante m\u00e1s de 15 a\u00f1os, m\u00e1s recientemente como directora general de Recursos Humanos. Aporta una gran experiencia y conocimientos institucionales a su nuevo cargo, ya que ha sido una parte fundamental en el desarrollo de las pol\u00edticas y procedimientos de la fundaci\u00f3n para apoyar al personal en todo el pa\u00eds.<\/p>\n<p>Shields se uni\u00f3 a Casey en 2010 como directora s\u00e9nior de Recursos Humanos y ha tenido una influencia tremenda, no solo en los avances en RR. HH., sino en toda la organizaci\u00f3n. Sus esfuerzos han incluido mejoras en el apoyo y el bienestar en el lugar de trabajo, y ha trabajado para garantizar que Casey pueda reclutar y retener a una fuerza laboral incre\u00edble con pasi\u00f3n por el trabajo.<\/p>\n<p>\u201cEstoy orgulloso de la inversi\u00f3n que Casey ha hecho en la contrataci\u00f3n, el desarrollo y el apoyo al grupo talentoso de personas que conforman nuestra organizaci\u00f3n\u201d, dijo el Dr. William C. Bell, presidente y director ejecutivo de Casey Family Programs. \u201cMelissa ha sido una gran parte de esa inversi\u00f3n y, en su nuevo cargo, podr\u00e1 ayudarnos a avanzar hacia un progreso a\u00fan mayor\u201d.\u201d<\/p>\n<p>Antes de unirse a Casey, Shields trabaj\u00f3 en Getty Images. Sirvi\u00f3 a nuestra naci\u00f3n en la Fuerza A\u00e9rea, la Reserva de la Fuerza A\u00e9rea y la Guardia Nacional A\u00e9rea de Washington, y se jubil\u00f3 en 2018 como sargento mayor.<\/p>\n<\/div>\n \n \n <!-- conversly to above, we need to not show the CTA here if it's the Head Section style -->\n  <\/div>\n<\/div>","protected":false},"excerpt":{"rendered":"<p>Melissa Shields comienza como vicepresidenta ejecutiva de Comunicaciones, Recursos Humanos y Desarrollo Organizacional el mayo<\/p>","protected":false},"author":18,"featured_media":0,"comment_status":"closed","ping_status":"closed","sticky":false,"template":"","format":"standard","meta":{"_acf_changed":true,"_searchwp_excluded":"","footnotes":"","_members_access_role":[],"_members_access_error":""},"categories":[263,268],"content_type":[467],"hidden-tags-misc":[],"audience":[326],"content_location":[329],"topic":[],"class_list":["post-32228","post","type-post","status-publish","format-standard","hentry","category-about-casey","category-news-announcements","content_type-news","audience-philanthropy","content_location-national"],"acf":[],"yoast_head":"<!-- This site is optimized with the Yoast SEO Premium plugin v28.4 (Yoast SEO v28.4) - https:\/\/yoast.com\/product\/yoast-seo-premium-wordpress\/ -->\n<title>Melissa Shields executive vice president \u2013 Casey Family Programs<\/title>\n<meta name=\"description\" content=\"Melissa Shields begins as executive vice president of Communications, Human Resources and Organizational Development on May 5.\" \/>\n<meta name=\"robots\" content=\"index, follow, max-snippet:-1, max-image-preview:large, max-video-preview:-1\" \/>\n<link rel=\"canonical\" href=\"https:\/\/www.casey.org\/es\/cita-de-melissa-shields\/\" \/>\n<meta property=\"og:locale\" content=\"es_MX\" \/>\n<meta property=\"og:type\" content=\"article\" \/>\n<meta property=\"og:title\" content=\"Casey Family Programs announces new vice president of HR, Communications\" \/>\n<meta property=\"og:description\" content=\"The longtime managing director of Human Resources at Casey Family Programs has been appointed executive vice president for Communications, Human Resources and Organizational Development.\" \/>\n<meta property=\"og:url\" content=\"https:\/\/www.casey.org\/es\/cita-de-melissa-shields\/\" \/>\n<meta property=\"og:site_name\" content=\"Casey Family Programs\" \/>\n<meta property=\"article:published_time\" content=\"2025-05-05T16:29:59+00:00\" \/>\n<meta property=\"article:modified_time\" content=\"2026-05-18T21:53:27+00:00\" \/>\n<meta property=\"og:image\" content=\"https:\/\/www.casey.org\/wp-content\/uploads\/2025\/05\/Melissa-Shields-one-by-one.jpg\" \/>\n\t<meta property=\"og:image:width\" content=\"2120\" \/>\n\t<meta property=\"og:image:height\" content=\"2119\" \/>\n\t<meta property=\"og:image:type\" content=\"image\/jpeg\" \/>\n<meta name=\"author\" content=\"Scott Brown\" \/>\n<meta name=\"twitter:card\" content=\"summary_large_image\" \/>\n<meta name=\"twitter:title\" content=\"Dr. Zeinab Chahine selected as Casey Family Programs\u2019 executive vice president of Child and Family Services\" \/>\n<meta name=\"twitter:description\" content=\"Dr. Zeinab Chahine has been selected as Casey Family Programs\u2019 executive vice president of Child and Family Services. She has served as managing director for strategic consulting in Systems Improvement since 2007.\" \/>\n<meta name=\"twitter:label1\" content=\"Written by\" \/>\n\t<meta name=\"twitter:data1\" content=\"Scott Brown\" \/>\n\t<meta name=\"twitter:label2\" content=\"Est. reading time\" \/>\n\t<meta name=\"twitter:data2\" content=\"1 minuto\" \/>\n<script type=\"application\/ld+json\" class=\"yoast-schema-graph\">{\"@context\":\"https:\\\/\\\/schema.org\",\"@graph\":[{\"@type\":\"Article\",\"@id\":\"https:\\\/\\\/www.casey.org\\\/melissa-shields-appointment\\\/#article\",\"isPartOf\":{\"@id\":\"https:\\\/\\\/www.casey.org\\\/melissa-shields-appointment\\\/\"},\"author\":{\"name\":\"Scott Brown\",\"@id\":\"https:\\\/\\\/www.casey.org\\\/#\\\/schema\\\/person\\\/277402869a8f7ae40f29a909eee4a2cb\"},\"headline\":\"Casey Family Programs announces new vice president of HR, Communications\",\"datePublished\":\"2025-05-05T16:29:59+00:00\",\"dateModified\":\"2026-05-18T21:53:27+00:00\",\"mainEntityOfPage\":{\"@id\":\"https:\\\/\\\/www.casey.org\\\/melissa-shields-appointment\\\/\"},\"wordCount\":12,\"image\":{\"@id\":\"https:\\\/\\\/www.casey.org\\\/melissa-shields-appointment\\\/#primaryimage\"},\"thumbnailUrl\":\"https:\\\/\\\/www.casey.org\\\/wp-content\\\/uploads\\\/2025\\\/05\\\/Melissa-Shields-one-by-one.jpg\",\"articleSection\":[\"About Casey\",\"News and announcements\"],\"inLanguage\":\"es\"},{\"@type\":\"WebPage\",\"@id\":\"https:\\\/\\\/www.casey.org\\\/melissa-shields-appointment\\\/\",\"url\":\"https:\\\/\\\/www.casey.org\\\/melissa-shields-appointment\\\/\",\"name\":\"Melissa Shields executive vice president \u2013 Casey Family Programs\",\"isPartOf\":{\"@id\":\"https:\\\/\\\/www.casey.org\\\/#website\"},\"primaryImageOfPage\":{\"@id\":\"https:\\\/\\\/www.casey.org\\\/melissa-shields-appointment\\\/#primaryimage\"},\"image\":{\"@id\":\"https:\\\/\\\/www.casey.org\\\/melissa-shields-appointment\\\/#primaryimage\"},\"thumbnailUrl\":\"https:\\\/\\\/www.casey.org\\\/wp-content\\\/uploads\\\/2025\\\/05\\\/Melissa-Shields-one-by-one.jpg\",\"datePublished\":\"2025-05-05T16:29:59+00:00\",\"dateModified\":\"2026-05-18T21:53:27+00:00\",\"author\":{\"@id\":\"https:\\\/\\\/www.casey.org\\\/#\\\/schema\\\/person\\\/277402869a8f7ae40f29a909eee4a2cb\"},\"description\":\"Melissa Shields begins as executive vice president of Communications, Human Resources and Organizational Development on May 5.\",\"breadcrumb\":{\"@id\":\"https:\\\/\\\/www.casey.org\\\/melissa-shields-appointment\\\/#breadcrumb\"},\"inLanguage\":\"es\",\"potentialAction\":[{\"@type\":\"ReadAction\",\"target\":[\"https:\\\/\\\/www.casey.org\\\/melissa-shields-appointment\\\/\"]}]},{\"@type\":\"ImageObject\",\"inLanguage\":\"es\",\"@id\":\"https:\\\/\\\/www.casey.org\\\/melissa-shields-appointment\\\/#primaryimage\",\"url\":\"https:\\\/\\\/www.casey.org\\\/wp-content\\\/uploads\\\/2025\\\/05\\\/Melissa-Shields-one-by-one.jpg\",\"contentUrl\":\"https:\\\/\\\/www.casey.org\\\/wp-content\\\/uploads\\\/2025\\\/05\\\/Melissa-Shields-one-by-one.jpg\"},{\"@type\":\"BreadcrumbList\",\"@id\":\"https:\\\/\\\/www.casey.org\\\/melissa-shields-appointment\\\/#breadcrumb\",\"itemListElement\":[{\"@type\":\"ListItem\",\"position\":1,\"name\":\"Home\",\"item\":\"https:\\\/\\\/www.casey.org\\\/\"},{\"@type\":\"ListItem\",\"position\":2,\"name\":\"Casey Family Programs announces new vice president of HR, Communications\"}]},{\"@type\":\"WebSite\",\"@id\":\"https:\\\/\\\/www.casey.org\\\/#website\",\"url\":\"https:\\\/\\\/www.casey.org\\\/\",\"name\":\"Casey Family Programs\",\"description\":\"Safe Children, Strong Families, Supportive Communities\",\"potentialAction\":[{\"@type\":\"SearchAction\",\"target\":{\"@type\":\"EntryPoint\",\"urlTemplate\":\"https:\\\/\\\/www.casey.org\\\/?s={search_term_string}\"},\"query-input\":{\"@type\":\"PropertyValueSpecification\",\"valueRequired\":true,\"valueName\":\"search_term_string\"}}],\"inLanguage\":\"es\"},{\"@type\":\"Person\",\"@id\":\"https:\\\/\\\/www.casey.org\\\/#\\\/schema\\\/person\\\/277402869a8f7ae40f29a909eee4a2cb\",\"name\":\"Scott Brown\",\"image\":{\"@type\":\"ImageObject\",\"inLanguage\":\"es\",\"@id\":\"https:\\\/\\\/secure.gravatar.com\\\/avatar\\\/54f92a2f06fbe6035ea3480a231badaae20ddd318774694353c849fbbe2ff471?s=96&d=mm&r=g\",\"url\":\"https:\\\/\\\/secure.gravatar.com\\\/avatar\\\/54f92a2f06fbe6035ea3480a231badaae20ddd318774694353c849fbbe2ff471?s=96&d=mm&r=g\",\"contentUrl\":\"https:\\\/\\\/secure.gravatar.com\\\/avatar\\\/54f92a2f06fbe6035ea3480a231badaae20ddd318774694353c849fbbe2ff471?s=96&d=mm&r=g\",\"caption\":\"Scott Brown\"},\"url\":\"https:\\\/\\\/www.casey.org\\\/es\\\/author\\\/sbrowncasey-org\\\/\"},{\"@type\":\"ImageObject\",\"inLanguage\":\"es\",\"@id\":\"https:\\\/\\\/www.casey.org\\\/melissa-shields-appointment\\\/#local-main-organization-logo\",\"url\":\"\",\"contentUrl\":\"\",\"caption\":\"Casey Family Programs\"}]}<\/script>\n<!-- \/ Yoast SEO Premium plugin. -->","yoast_head_json":{"title":"Melissa Shields, vicepresidenta ejecutiva de Casey Family Programs","description":"Melissa Shields asumir\u00e1 el cargo de vicepresidenta ejecutiva de Comunicaciones, Recursos Humanos y Desarrollo Organizacional el 5 de mayo.","robots":{"index":"index","follow":"follow","max-snippet":"max-snippet:-1","max-image-preview":"max-image-preview:large","max-video-preview":"max-video-preview:-1"},"canonical":"https:\/\/www.casey.org\/es\/cita-de-melissa-shields\/","og_locale":"es_MX","og_type":"article","og_title":"Casey Family Programs announces new vice president of HR, Communications","og_description":"The longtime managing director of Human Resources at Casey Family Programs has been appointed executive vice president for Communications, Human Resources and Organizational Development.","og_url":"https:\/\/www.casey.org\/es\/cita-de-melissa-shields\/","og_site_name":"Casey Family Programs","article_published_time":"2025-05-05T16:29:59+00:00","article_modified_time":"2026-05-18T21:53:27+00:00","og_image":[{"width":2120,"height":2119,"url":"https:\/\/www.casey.org\/wp-content\/uploads\/2025\/05\/Melissa-Shields-one-by-one.jpg","type":"image\/jpeg"}],"author":"Scott Brown","twitter_card":"summary_large_image","twitter_title":"Dr. Zeinab Chahine selected as Casey Family Programs\u2019 executive vice president of Child and Family Services","twitter_description":"Dr. Zeinab Chahine has been selected as Casey Family Programs\u2019 executive vice president of Child and Family Services. She has served as managing director for strategic consulting in Systems Improvement since 2007.","twitter_misc":{"Written by":"Scott Brown","Est. reading time":"1 minuto"},"schema":{"@context":"https:\/\/schema.org","@graph":[{"@type":"Article","@id":"https:\/\/www.casey.org\/melissa-shields-appointment\/#article","isPartOf":{"@id":"https:\/\/www.casey.org\/melissa-shields-appointment\/"},"author":{"name":"Scott Brown","@id":"https:\/\/www.casey.org\/#\/schema\/person\/277402869a8f7ae40f29a909eee4a2cb"},"headline":"Casey Family Programs announces new vice president of HR, Communications","datePublished":"2025-05-05T16:29:59+00:00","dateModified":"2026-05-18T21:53:27+00:00","mainEntityOfPage":{"@id":"https:\/\/www.casey.org\/melissa-shields-appointment\/"},"wordCount":12,"image":{"@id":"https:\/\/www.casey.org\/melissa-shields-appointment\/#primaryimage"},"thumbnailUrl":"https:\/\/www.casey.org\/wp-content\/uploads\/2025\/05\/Melissa-Shields-one-by-one.jpg","articleSection":["About Casey","News and announcements"],"inLanguage":"es"},{"@type":"WebPage","@id":"https:\/\/www.casey.org\/melissa-shields-appointment\/","url":"https:\/\/www.casey.org\/melissa-shields-appointment\/","name":"Melissa Shields, vicepresidenta ejecutiva de Casey Family Programs","isPartOf":{"@id":"https:\/\/www.casey.org\/#website"},"primaryImageOfPage":{"@id":"https:\/\/www.casey.org\/melissa-shields-appointment\/#primaryimage"},"image":{"@id":"https:\/\/www.casey.org\/melissa-shields-appointment\/#primaryimage"},"thumbnailUrl":"https:\/\/www.casey.org\/wp-content\/uploads\/2025\/05\/Melissa-Shields-one-by-one.jpg","datePublished":"2025-05-05T16:29:59+00:00","dateModified":"2026-05-18T21:53:27+00:00","author":{"@id":"https:\/\/www.casey.org\/#\/schema\/person\/277402869a8f7ae40f29a909eee4a2cb"},"description":"Melissa Shields asumir\u00e1 el cargo de vicepresidenta ejecutiva de Comunicaciones, Recursos Humanos y Desarrollo Organizacional el 5 de mayo.","breadcrumb":{"@id":"https:\/\/www.casey.org\/melissa-shields-appointment\/#breadcrumb"},"inLanguage":"es","potentialAction":[{"@type":"ReadAction","target":["https:\/\/www.casey.org\/melissa-shields-appointment\/"]}]},{"@type":"ImageObject","inLanguage":"es","@id":"https:\/\/www.casey.org\/melissa-shields-appointment\/#primaryimage","url":"https:\/\/www.casey.org\/wp-content\/uploads\/2025\/05\/Melissa-Shields-one-by-one.jpg","contentUrl":"https:\/\/www.casey.org\/wp-content\/uploads\/2025\/05\/Melissa-Shields-one-by-one.jpg"},{"@type":"BreadcrumbList","@id":"https:\/\/www.casey.org\/melissa-shields-appointment\/#breadcrumb","itemListElement":[{"@type":"ListItem","position":1,"name":"Home","item":"https:\/\/www.casey.org\/"},{"@type":"ListItem","position":2,"name":"Casey Family Programs announces new vice president of HR, Communications"}]},{"@type":"WebSite","@id":"https:\/\/www.casey.org\/#website","url":"https:\/\/www.casey.org\/","name":"Programas Familiares Casey","description":"Ni\u00f1os seguros, familias fuertes, comunidades solidarias","potentialAction":[{"@type":"SearchAction","target":{"@type":"EntryPoint","urlTemplate":"https:\/\/www.casey.org\/?s={search_term_string}"},"query-input":{"@type":"PropertyValueSpecification","valueRequired":true,"valueName":"search_term_string"}}],"inLanguage":"es"},{"@type":"Person","@id":"https:\/\/www.casey.org\/#\/schema\/person\/277402869a8f7ae40f29a909eee4a2cb","name":"Scott Brown","image":{"@type":"ImageObject","inLanguage":"es","@id":"https:\/\/secure.gravatar.com\/avatar\/54f92a2f06fbe6035ea3480a231badaae20ddd318774694353c849fbbe2ff471?s=96&d=mm&r=g","url":"https:\/\/secure.gravatar.com\/avatar\/54f92a2f06fbe6035ea3480a231badaae20ddd318774694353c849fbbe2ff471?s=96&d=mm&r=g","contentUrl":"https:\/\/secure.gravatar.com\/avatar\/54f92a2f06fbe6035ea3480a231badaae20ddd318774694353c849fbbe2ff471?s=96&d=mm&r=g","caption":"Scott Brown"},"url":"https:\/\/www.casey.org\/es\/author\/sbrowncasey-org\/"},{"@type":"ImageObject","inLanguage":"es","@id":"https:\/\/www.casey.org\/melissa-shields-appointment\/#local-main-organization-logo","url":"","contentUrl":"","caption":"Casey Family Programs"}]}},"jetpack_featured_media_url":"","_links":{"self":[{"href":"https:\/\/www.casey.org\/es\/wp-json\/wp\/v2\/posts\/32228","targetHints":{"allow":["GET"]}}],"collection":[{"href":"https:\/\/www.casey.org\/es\/wp-json\/wp\/v2\/posts"}],"about":[{"href":"https:\/\/www.casey.org\/es\/wp-json\/wp\/v2\/types\/post"}],"author":[{"embeddable":true,"href":"https:\/\/www.casey.org\/es\/wp-json\/wp\/v2\/users\/18"}],"replies":[{"embeddable":true,"href":"https:\/\/www.casey.org\/es\/wp-json\/wp\/v2\/comments?post=32228"}],"version-history":[{"count":0,"href":"https:\/\/www.casey.org\/es\/wp-json\/wp\/v2\/posts\/32228\/revisions"}],"wp:attachment":[{"href":"https:\/\/www.casey.org\/es\/wp-json\/wp\/v2\/media?parent=32228"}],"wp:term":[{"taxonomy":"category","embeddable":true,"href":"https:\/\/www.casey.org\/es\/wp-json\/wp\/v2\/categories?post=32228"},{"taxonomy":"content_type","embeddable":true,"href":"https:\/\/www.casey.org\/es\/wp-json\/wp\/v2\/content_type?post=32228"},{"taxonomy":"hidden-tags-misc","embeddable":true,"href":"https:\/\/www.casey.org\/es\/wp-json\/wp\/v2\/hidden-tags-misc?post=32228"},{"taxonomy":"audience","embeddable":true,"href":"https:\/\/www.casey.org\/es\/wp-json\/wp\/v2\/audience?post=32228"},{"taxonomy":"content_location","embeddable":true,"href":"https:\/\/www.casey.org\/es\/wp-json\/wp\/v2\/content_location?post=32228"},{"taxonomy":"topic","embeddable":true,"href":"https:\/\/www.casey.org\/es\/wp-json\/wp\/v2\/topic?post=32228"}],"curies":[{"name":"wp","href":"https:\/\/api.w.org\/{rel}","templated":true}]}}